{"id":137447,"date":"2019-04-04T16:20:35","date_gmt":"2019-04-04T19:20:35","guid":{"rendered":"https:\/\/diarioregionaldigital.com.br\/?p=137447"},"modified":"2019-04-04T16:20:35","modified_gmt":"2019-04-04T19:20:35","slug":"endividamento-de-familias-brasileiras-atinge-maior-patamar-desde-2015","status":"publish","type":"post","link":"https:\/\/diarioregionaldigital.com.br\/?p=137447","title":{"rendered":"Endividamento de fam\u00edlias brasileiras atinge maior patamar desde 2015"},"content":{"rendered":"<p>O percentual de fam\u00edlias brasileiras com d\u00edvidas (em atraso ou n\u00e3o) chegou a 62,4% em mar\u00e7o deste ano. O \u00edndice \u00e9 superior aos 61,5% de fevereiro deste ano e aos 61,2% de mar\u00e7o do ano passado. Esse tamb\u00e9m \u00e9 o maior patamar de endividamento das fam\u00edlias desde setembro de 2015, segundo dados da Pesquisa de Endividamento e Inadimpl\u00eancia do Consumidor, divulgada\u00a0<span id=\"OBJ_PREFIX_DWT198_com_zimbra_date\" role=\"link\"><span id=\"OBJ_PREFIX_DWT203_com_zimbra_date\" role=\"link\">hoje,\u00a0<\/span><\/span>4, pela Confedera\u00e7\u00e3o Nacional do Com\u00e9rcio de Bens, Servi\u00e7os e Turismo (CNC).<\/p>\n<p>J\u00e1 as fam\u00edlias inadimplentes, ou seja, aquelas que t\u00eam d\u00edvidas ou contas em atraso, ficou em 23,4% em mar\u00e7o deste ano, acima dos 23,1% do m\u00eas anterior. Na compara\u00e7\u00e3o com mar\u00e7o do ano passado (25,2%), no entanto, o indicador teve uma queda de 1,8 ponto percentual.<\/p>\n<p>O percentual de fam\u00edlias que declararam n\u00e3o <span id=\"OBJ_PREFIX_DWT199_com_zimbra_date\" role=\"link\"><span id=\"OBJ_PREFIX_DWT204_com_zimbra_date\" role=\"link\">ter<\/span><\/span> condi\u00e7\u00f5es de pagar suas contas ou d\u00edvidas em atraso aumentou de 9,2% em fevereiro para 9,4% em mar\u00e7o deste ano. No entanto, continuou abaixo do patamar<span id=\"OBJ_PREFIX_DWT200_com_zimbra_date\" role=\"link\"> de mar<\/span>\u00e7o do ano passado (10%).<\/p>\n<p>Segundo a economista da CNC Marianne Hanson, al\u00e9m da recupera\u00e7\u00e3o gradual das concess\u00f5es de cr\u00e9dito e do consumo das fam\u00edlias, h\u00e1 um fator sazonal que influi nos resultados: a incid\u00eancia dos gastos extras de in\u00edcio de ano, ocasionando uma demanda maior por empr\u00e9stimos.<\/p>\n<p>O cart\u00e3o de cr\u00e9dito foi apontado como o principal motivo das d\u00edvidas por 78% das fam\u00edlias endividadas, seguido por carn\u00eas, para 14,4%, e, em terceiro, por financiamento de carro, para 10%.<\/p>\n<p>Fonte: Ag\u00eancia Brasil<\/p>\n","protected":false},"excerpt":{"rendered":"<p>O percentual de fam\u00edlias brasileiras com d\u00edvidas (em atraso ou n\u00e3o) chegou a 62,4% em mar\u00e7o deste ano. O \u00edndice \u00e9 superior aos 61,5% de fevereiro deste ano e aos 61,2% de mar\u00e7o do ano passado. Esse tamb\u00e9m \u00e9 o maior patamar de endividamento das fam\u00edlias desde setembro de 2015, segundo dados da Pesquisa de [&hellip;]<\/p>\n","protected":false},"author":96,"featured_media":137451,"comment_status":"closed","ping_status":"closed","sticky":false,"template":"","format":"standard","meta":{"footnotes":""},"categories":[436,261,439],"tags":[],"class_list":["post-137447","post","type-post","status-publish","format-standard","has-post-thumbnail","hentry","category-destaque-da-semana","category-economia","category-ultima-hora"],"_links":{"self":[{"href":"https:\/\/diarioregionaldigital.com.br\/index.php?rest_route=\/wp\/v2\/posts\/137447","targetHints":{"allow":["GET"]}}],"collection":[{"href":"https:\/\/diarioregionaldigital.com.br\/index.php?rest_route=\/wp\/v2\/posts"}],"about":[{"href":"https:\/\/diarioregionaldigital.com.br\/index.php?rest_route=\/wp\/v2\/types\/post"}],"author":[{"embeddable":true,"href":"https:\/\/diarioregionaldigital.com.br\/index.php?rest_route=\/wp\/v2\/users\/96"}],"replies":[{"embeddable":true,"href":"https:\/\/diarioregionaldigital.com.br\/index.php?rest_route=%2Fwp%2Fv2%2Fcomments&post=137447"}],"version-history":[{"count":0,"href":"https:\/\/diarioregionaldigital.com.br\/index.php?rest_route=\/wp\/v2\/posts\/137447\/revisions"}],"wp:featuredmedia":[{"embeddable":true,"href":"https:\/\/diarioregionaldigital.com.br\/index.php?rest_route=\/wp\/v2\/media\/137451"}],"wp:attachment":[{"href":"https:\/\/diarioregionaldigital.com.br\/index.php?rest_route=%2Fwp%2Fv2%2Fmedia&parent=137447"}],"wp:term":[{"taxonomy":"category","embeddable":true,"href":"https:\/\/diarioregionaldigital.com.br\/index.php?rest_route=%2Fwp%2Fv2%2Fcategories&post=137447"},{"taxonomy":"post_tag","embeddable":true,"href":"https:\/\/diarioregionaldigital.com.br\/index.php?rest_route=%2Fwp%2Fv2%2Ftags&post=137447"}],"curies":[{"name":"wp","href":"https:\/\/api.w.org\/{rel}","templated":true}]}}