{"id":137440,"date":"2019-04-04T16:02:45","date_gmt":"2019-04-04T19:02:45","guid":{"rendered":"https:\/\/diarioregionaldigital.com.br\/?p=137440"},"modified":"2019-04-04T16:02:45","modified_gmt":"2019-04-04T19:02:45","slug":"policia-civil-prende-tres-pessoas-suspeitas-de-receptacao-e-trafico-de-drogas-em-santa-cruz-de-minas","status":"publish","type":"post","link":"https:\/\/diarioregionaldigital.com.br\/?p=137440","title":{"rendered":"Pol\u00edcia Civil prende tr\u00eas pessoas suspeitas de recepta\u00e7\u00e3o e tr\u00e1fico de drogas em Santa Cruz de Minas"},"content":{"rendered":"<p>Tr\u00eas pessoas foram presas pela Pol\u00edcia Civil suspeitas de associa\u00e7\u00e3o e tr\u00e1fico de drogas, al\u00e9m de recepta\u00e7\u00e3o em Santa Cruz de Minas.<\/p>\n<p>A pris\u00e3o aconteceu na segunda-feira, 1\u00b0 de Abril. Ap\u00f3s as investiga\u00e7\u00f5es da PC sobre tr\u00eas furtos ocorridos no munic\u00edpio, os policiais descobriram que o homem, a companheira e a m\u00e3e dele estariam recebendo produtos furtados como forma de pagamento pelas drogas que vendiam na regi\u00e3o. Na casa da fam\u00edlia foram encontradas drogas e diversos materiais produtos de furto.<\/p>\n<p>Os tr\u00eas foram presos em flagrante e encaminhados ao sistema prisional.<\/p>\n<p>&nbsp;<\/p>\n","protected":false},"excerpt":{"rendered":"<p>Tr\u00eas pessoas foram presas pela Pol\u00edcia Civil suspeitas de associa\u00e7\u00e3o e tr\u00e1fico de drogas, al\u00e9m de recepta\u00e7\u00e3o em Santa Cruz de Minas. A pris\u00e3o aconteceu na segunda-feira, 1\u00b0 de Abril. Ap\u00f3s as investiga\u00e7\u00f5es da PC sobre tr\u00eas furtos ocorridos no munic\u00edpio, os policiais descobriram que o homem, a companheira e a m\u00e3e dele estariam recebendo [&hellip;]<\/p>\n","protected":false},"author":96,"featured_media":95836,"comment_status":"closed","ping_status":"closed","sticky":false,"template":"","format":"standard","meta":{"footnotes":""},"categories":[301,436,439],"tags":[],"class_list":["post-137440","post","type-post","status-publish","format-standard","has-post-thumbnail","hentry","category-artigos-policiais","category-destaque-da-semana","category-ultima-hora"],"_links":{"self":[{"href":"https:\/\/diarioregionaldigital.com.br\/index.php?rest_route=\/wp\/v2\/posts\/137440","targetHints":{"allow":["GET"]}}],"collection":[{"href":"https:\/\/diarioregionaldigital.com.br\/index.php?rest_route=\/wp\/v2\/posts"}],"about":[{"href":"https:\/\/diarioregionaldigital.com.br\/index.php?rest_route=\/wp\/v2\/types\/post"}],"author":[{"embeddable":true,"href":"https:\/\/diarioregionaldigital.com.br\/index.php?rest_route=\/wp\/v2\/users\/96"}],"replies":[{"embeddable":true,"href":"https:\/\/diarioregionaldigital.com.br\/index.php?rest_route=%2Fwp%2Fv2%2Fcomments&post=137440"}],"version-history":[{"count":0,"href":"https:\/\/diarioregionaldigital.com.br\/index.php?rest_route=\/wp\/v2\/posts\/137440\/revisions"}],"wp:featuredmedia":[{"embeddable":true,"href":"https:\/\/diarioregionaldigital.com.br\/index.php?rest_route=\/wp\/v2\/media\/95836"}],"wp:attachment":[{"href":"https:\/\/diarioregionaldigital.com.br\/index.php?rest_route=%2Fwp%2Fv2%2Fmedia&parent=137440"}],"wp:term":[{"taxonomy":"category","embeddable":true,"href":"https:\/\/diarioregionaldigital.com.br\/index.php?rest_route=%2Fwp%2Fv2%2Fcategories&post=137440"},{"taxonomy":"post_tag","embeddable":true,"href":"https:\/\/diarioregionaldigital.com.br\/index.php?rest_route=%2Fwp%2Fv2%2Ftags&post=137440"}],"curies":[{"name":"wp","href":"https:\/\/api.w.org\/{rel}","templated":true}]}}