{"id":137436,"date":"2019-04-04T14:59:58","date_gmt":"2019-04-04T17:59:58","guid":{"rendered":"https:\/\/diarioregionaldigital.com.br\/?p=137436"},"modified":"2019-04-04T15:47:23","modified_gmt":"2019-04-04T18:47:23","slug":"colegio-pio-xii-abre-matriculas-para-primeiro-curso-tecnico-ead","status":"publish","type":"post","link":"https:\/\/diarioregionaldigital.com.br\/?p=137436","title":{"rendered":"Col\u00e9gio Pio XII abre matr\u00edculas para primeiro curso t\u00e9cnico EAD"},"content":{"rendered":"<p>Conhecimento t\u00e9cnico de qualidade com a comodidade da\u00a0Educa\u00e7\u00e3o \u00e0 Dist\u00e2ncia (EAD).Esta \u00e9 a novidade do Col\u00e9gio Polit\u00e9cnico Pio XII, que h\u00e1 mais de 50 anos consagra seu ensino tradicional em Juiz de Fora e agora, remodela seu plano de educa\u00e7\u00e3o para oferecer a qualifica\u00e7\u00e3o EAD. O Col\u00e9gio Pio XII estreia \u00e0 frente dos concorrentes como o primeiro curso t\u00e9cnico da cidade a ser autorizado pela Secretaria Estadual de Educa\u00e7\u00e3o a oferecer essa nova modalidade de capacita\u00e7\u00e3o.<\/p>\n<p>A primeira qualifica\u00e7\u00e3o t\u00e9cnica em EAD aberta para matr\u00edculas no Pio XII \u00e9 o Curso T\u00e9cnico em Mec\u00e2nica. Com amplo mercado de trabalho dispon\u00edvel para a \u00e1rea, o profissional ser\u00e1 preparado para atuar em diversos segmentos e\u00a0trabalhar\u00e1 com a manuten\u00e7\u00e3o e reparos da mec\u00e2nica industrial.<\/p>\n<p>Com o conte\u00fado program\u00e1tico completo e atualizado, os estudantes poder\u00e3o contar com 1.400 horas de curso, sendo 1.200 de carga te\u00f3rica e 200 horas de est\u00e1gio pr\u00e1tico obrigat\u00f3rio, entre as empresas conveniadas com a institui\u00e7\u00e3o. Com professores graduados com excel\u00eancia comprovada no mercado, as aulas acontecer\u00e3o semanalmente via plataforma de ensino e aos s\u00e1bados em encontros presenciais com dura\u00e7\u00e3o de 8 horas, organizados em 10 encontros.<\/p>\n<p>O curso de Mec\u00e2nica ter\u00e1 dura\u00e7\u00e3o de 3 semestres (1 ano e meio) e, o estudante ter\u00e1 a acesso a uma plataforma din\u00e2mica e moderna com chat para tirar as d\u00favidas, al\u00e9m da comodidade das v\u00eddeo aulas gravadas, apostilas com o conte\u00fado completo de todas as disciplinas, entre outras novidades.<\/p>\n<p>Ao finalizar o curso e obter o \u00eaxito nas pontua\u00e7\u00f5es, o certificado reconhecido pelo Minist\u00e9rio da Educa\u00e7\u00e3o (MEC) ser\u00e1 entregue. Esta \u00e9 a oportunidade de quem deseja estudar em qualquer hora e lugar.<\/p>\n<p>&nbsp;<\/p>\n<p><strong>MATR\u00cdCULA<\/strong><\/p>\n<p>Para se matricular \u00e9 necess\u00e1rio apenas o hist\u00f3rico escolar; documentos de identifica\u00e7\u00e3o (CPF e Identidade); e 2 fotos 3X4. S\u00e3o aceito as formas de pagamento via boleto banc\u00e1rio ou cart\u00e3o de cr\u00e9dito.\u00a0Com mensalidades promocionais at\u00e9 o pr\u00f3ximo dia 8 de abril, no valor de R$199 mensais, a matr\u00edcula pode ser feita na tesouraria, localizada na Rua Esp\u00edrito Santo, 1301, Centro, Juiz de Fora, ou pelo site,\u00a0<a href=\"http:\/\/www.colegiopioxiijf.com.br\/\">www.colegiopioxiijf.com.br<\/a>.<\/p>\n<p>Mais informa\u00e7\u00f5es pelo telefone (32) 3215-6701.<\/p>\n<p>&nbsp;<\/p>\n<p><strong>OBJETIVO<\/strong><\/p>\n<p>A Educa\u00e7\u00e3o a Dist\u00e2ncia \u00e9 uma excepcional via para o acesso a um conte\u00fado de alta qualidade que oferece efic\u00e1cia no aprendizado. A utiliza\u00e7\u00e3o de Tecnologias Educacionais de \u00faltima gera\u00e7\u00e3o alia conte\u00fado online distribu\u00eddo em diversos objetos de aprendizagem como \u00e1udio, v\u00eddeo, anima\u00e7\u00f5es e exerc\u00edcios de fixa\u00e7\u00e3o, favorecendo um processo de aprendizado envolvente e atual.<\/p>\n<p><strong>P\u00daBLICO ALVO<\/strong><\/p>\n<p>O Col\u00e9gio Pio XII preparou este curso para atender aos profissionais, estudantes e pesquisadores das mais diversas \u00e1reas de atua\u00e7\u00e3o e conhecimento. Para todos aqueles que desejam atualizarem-se nos t\u00f3picos abordados, bem como aqueles que buscam desbravar novos horizontes em suas profiss\u00f5es, vidas e carreiras. O curso \u00e9 destinado tamb\u00e9m \u00e0queles que n\u00e3o atuam diretamente na \u00e1rea, mas est\u00e3o interessados em agregar novos conhecimentos e aprendizado acerca dos temas relacionados.<\/p>\n<p><strong>PERFIL PROFISSIONAL<\/strong><\/p>\n<p>Ao t\u00e9rmino do curso, o T\u00e9cnico em Mec\u00e2nica dever\u00e1 estar apto para desenvolver atividades de planejamento, avalia\u00e7\u00e3o, controle, instala\u00e7\u00e3o, montagem, fabrica\u00e7\u00e3o e manuten\u00e7\u00e3o, sendo capaz de atuar na elabora\u00e7\u00e3o de projetos de produtos, ferramentas, m\u00e1quinas e equipamentos mec\u00e2nicos.e curso para atender aos profissionais, estudantes e pesquisadores das mais diversas \u00e1reas de atua\u00e7\u00e3o e conhecimento. Para todos aqueles que desejam atualizarem-se nos t\u00f3picos abordados, bem como aqueles que buscam desbravar novos horizontes em suas profiss\u00f5es, vidas e carreiras. O curso \u00e9 destinado tamb\u00e9m \u00e0queles que n\u00e3o atuam diretamente na \u00e1rea, mas est\u00e3o interessados em agregar novos conhecimentos e aprendizado acerca dos temas relacionados.<\/p>\n<p>&nbsp;<\/p>\n","protected":false},"excerpt":{"rendered":"<p>Conhecimento t\u00e9cnico de qualidade com a comodidade da\u00a0Educa\u00e7\u00e3o \u00e0 Dist\u00e2ncia (EAD).Esta \u00e9 a novidade do Col\u00e9gio Polit\u00e9cnico Pio XII, que h\u00e1 mais de 50 anos consagra seu ensino tradicional em Juiz de Fora e agora, remodela seu plano de educa\u00e7\u00e3o para oferecer a qualifica\u00e7\u00e3o EAD. O Col\u00e9gio Pio XII estreia \u00e0 frente dos concorrentes como [&hellip;]<\/p>\n","protected":false},"author":96,"featured_media":137437,"comment_status":"closed","ping_status":"closed","sticky":false,"template":"","format":"standard","meta":{"footnotes":""},"categories":[253,436,439],"tags":[],"class_list":["post-137436","post","type-post","status-publish","format-standard","has-post-thumbnail","hentry","category-cidade","category-destaque-da-semana","category-ultima-hora"],"_links":{"self":[{"href":"https:\/\/diarioregionaldigital.com.br\/index.php?rest_route=\/wp\/v2\/posts\/137436","targetHints":{"allow":["GET"]}}],"collection":[{"href":"https:\/\/diarioregionaldigital.com.br\/index.php?rest_route=\/wp\/v2\/posts"}],"about":[{"href":"https:\/\/diarioregionaldigital.com.br\/index.php?rest_route=\/wp\/v2\/types\/post"}],"author":[{"embeddable":true,"href":"https:\/\/diarioregionaldigital.com.br\/index.php?rest_route=\/wp\/v2\/users\/96"}],"replies":[{"embeddable":true,"href":"https:\/\/diarioregionaldigital.com.br\/index.php?rest_route=%2Fwp%2Fv2%2Fcomments&post=137436"}],"version-history":[{"count":0,"href":"https:\/\/diarioregionaldigital.com.br\/index.php?rest_route=\/wp\/v2\/posts\/137436\/revisions"}],"wp:featuredmedia":[{"embeddable":true,"href":"https:\/\/diarioregionaldigital.com.br\/index.php?rest_route=\/wp\/v2\/media\/137437"}],"wp:attachment":[{"href":"https:\/\/diarioregionaldigital.com.br\/index.php?rest_route=%2Fwp%2Fv2%2Fmedia&parent=137436"}],"wp:term":[{"taxonomy":"category","embeddable":true,"href":"https:\/\/diarioregionaldigital.com.br\/index.php?rest_route=%2Fwp%2Fv2%2Fcategories&post=137436"},{"taxonomy":"post_tag","embeddable":true,"href":"https:\/\/diarioregionaldigital.com.br\/index.php?rest_route=%2Fwp%2Fv2%2Ftags&post=137436"}],"curies":[{"name":"wp","href":"https:\/\/api.w.org\/{rel}","templated":true}]}}