{"id":137429,"date":"2019-04-04T14:55:11","date_gmt":"2019-04-04T17:55:11","guid":{"rendered":"https:\/\/diarioregionaldigital.com.br\/?p=137429"},"modified":"2019-04-04T14:55:11","modified_gmt":"2019-04-04T17:55:11","slug":"criminosos-explodem-posto-de-atendimento-bancario-em-bom-jardim-de-minas","status":"publish","type":"post","link":"https:\/\/diarioregionaldigital.com.br\/?p=137429","title":{"rendered":"Criminosos explodem posto de atendimento banc\u00e1rio em Bom Jardim de Minas"},"content":{"rendered":"<p>Criminosos explodiram os caixas eletr\u00f4nicos de um posto de atendimento do Banco do Brasil em Bom Jardim de Minas, localizada a cerca de 100 quil\u00f4metros de Juiz de Fora e a 50 de Lima Duarte. \u00a0A Pol\u00edcia Militar acredita que, pelo menos, seis pessoas estejam envolvidas na a\u00e7\u00e3o.<\/p>\n<p>De acordo com as informa\u00e7\u00f5es da PM, a a\u00e7\u00e3o ocorreu na madrugada desta quinta-feira, 4, por volta de 4h da manh\u00e3. O grupo criminoso usou explosivos dentro da ag\u00eancia, que ficou destru\u00edda.\u00a0 Ainda conforme os detalhes, eles fugiram\u00a0 em dire\u00e7\u00e3o Passa Vinte, na divis\u00e3o de Minas Gerais com Rio de Janeiro. Tr\u00eas carros podem ter sido usados na fuga. A pol\u00edcia montou cercos e bloqueios nas estradas da regi\u00e3o.<\/p>\n<div id=\"attachment_137431\" style=\"width: 404px\" class=\"wp-caption aligncenter\"><img loading=\"lazy\" decoding=\"async\" aria-describedby=\"caption-attachment-137431\" class=\" wp-image-137431\" src=\"https:\/\/diarioregionaldigital.com.br\/wp-content\/uploads\/2019\/04\/bb-bom-jardim-de-minas-300x150.jpg\" alt=\"\" width=\"394\" height=\"197\" srcset=\"https:\/\/diarioregionaldigital.com.br\/wp-content\/uploads\/2019\/04\/bb-bom-jardim-de-minas-300x150.jpg 300w, https:\/\/diarioregionaldigital.com.br\/wp-content\/uploads\/2019\/04\/bb-bom-jardim-de-minas-768x384.jpg 768w, https:\/\/diarioregionaldigital.com.br\/wp-content\/uploads\/2019\/04\/bb-bom-jardim-de-minas-360x180.jpg 360w, https:\/\/diarioregionaldigital.com.br\/wp-content\/uploads\/2019\/04\/bb-bom-jardim-de-minas-600x300.jpg 600w, https:\/\/diarioregionaldigital.com.br\/wp-content\/uploads\/2019\/04\/bb-bom-jardim-de-minas.jpg 960w\" sizes=\"auto, (max-width: 394px) 100vw, 394px\" \/><p id=\"caption-attachment-137431\" class=\"wp-caption-text\">Foto: Reprodu\u00e7\u00e3o Redes Sociais<\/p><\/div>\n<p>Al\u00e9m disso, foram ouvidos v\u00e1rios disparos pr\u00f3ximo ao local. Ainda n\u00e3o h\u00e1 informa\u00e7\u00f5es sobre feridos.<\/p>\n<p>Em nota, a Assessoria do Banco do Brasil informou que n\u00e3o h\u00e1 previs\u00e3o de reabertura da unidade, mas que a empresa segue trabalhando para a normaliza\u00e7\u00e3o do atendimento a popula\u00e7\u00e3o. \u201cO Posto de Atendimento do Banco do Brasil em Bom Jardim de Minas n\u00e3o abre nesta quinta-feira (4), ap\u00f3s ter sido vandalizado por a\u00e7\u00e3o de grupo criminoso na \u00faltima madrugada. N\u00e3o h\u00e1 previs\u00e3o de reabertura da unidade, mas o BB trabalha para a normaliza\u00e7\u00e3o do atendimento no menor espa\u00e7o de tempo. Equipes t\u00e9cnicas do BB v\u00e3o ao local para avaliar os danos \u00e0 estrutura do local\u201d, informou.<\/p>\n<div id=\"attachment_137433\" style=\"width: 387px\" class=\"wp-caption aligncenter\"><img loading=\"lazy\" decoding=\"async\" aria-describedby=\"caption-attachment-137433\" class=\" wp-image-137433\" src=\"https:\/\/diarioregionaldigital.com.br\/wp-content\/uploads\/2019\/04\/bb-bom-jardim-de-minas2-225x300.jpg\" alt=\"\" width=\"377\" height=\"503\" srcset=\"https:\/\/diarioregionaldigital.com.br\/wp-content\/uploads\/2019\/04\/bb-bom-jardim-de-minas2-225x300.jpg 225w, https:\/\/diarioregionaldigital.com.br\/wp-content\/uploads\/2019\/04\/bb-bom-jardim-de-minas2-360x480.jpg 360w, https:\/\/diarioregionaldigital.com.br\/wp-content\/uploads\/2019\/04\/bb-bom-jardim-de-minas2.jpg 720w\" sizes=\"auto, (max-width: 377px) 100vw, 377px\" \/><p id=\"caption-attachment-137433\" class=\"wp-caption-text\">Foto: Reprodu\u00e7\u00e3o Redes Sociais<\/p><\/div>\n<p>Ainda na nota, o Banco do Brasil comunicou que colabora com as investiga\u00e7\u00f5es para a elucida\u00e7\u00e3o do caso. \u201cOs clientes do BB em Bom Jardim podem buscar atendimento alternativo no Banco Postal e casa lot\u00e9rica (pagamentos, dep\u00f3sitos saques, extratos e saldos). Outra op\u00e7\u00e3o \u00e9 a ag\u00eancia de Lima Duarte, localizada a cerca de 50 quil\u00f4metros da cidade\u201d.<\/p>\n<p>A pol\u00edcia est\u00e1 realizando o rastreamento para encontrar os criminosos.<\/p>\n<p>&nbsp;<\/p>\n","protected":false},"excerpt":{"rendered":"<p>Criminosos explodiram os caixas eletr\u00f4nicos de um posto de atendimento do Banco do Brasil em Bom Jardim de Minas, localizada a cerca de 100 quil\u00f4metros de Juiz de Fora e a 50 de Lima Duarte. \u00a0A Pol\u00edcia Militar acredita que, pelo menos, seis pessoas estejam envolvidas na a\u00e7\u00e3o. De acordo com as informa\u00e7\u00f5es da PM, [&hellip;]<\/p>\n","protected":false},"author":96,"featured_media":137430,"comment_status":"closed","ping_status":"closed","sticky":false,"template":"","format":"standard","meta":{"footnotes":""},"categories":[436,440,252,439],"tags":[],"class_list":["post-137429","post","type-post","status-publish","format-standard","has-post-thumbnail","hentry","category-destaque-da-semana","category-destaques-do-dia","category-regiao","category-ultima-hora"],"_links":{"self":[{"href":"https:\/\/diarioregionaldigital.com.br\/index.php?rest_route=\/wp\/v2\/posts\/137429","targetHints":{"allow":["GET"]}}],"collection":[{"href":"https:\/\/diarioregionaldigital.com.br\/index.php?rest_route=\/wp\/v2\/posts"}],"about":[{"href":"https:\/\/diarioregionaldigital.com.br\/index.php?rest_route=\/wp\/v2\/types\/post"}],"author":[{"embeddable":true,"href":"https:\/\/diarioregionaldigital.com.br\/index.php?rest_route=\/wp\/v2\/users\/96"}],"replies":[{"embeddable":true,"href":"https:\/\/diarioregionaldigital.com.br\/index.php?rest_route=%2Fwp%2Fv2%2Fcomments&post=137429"}],"version-history":[{"count":0,"href":"https:\/\/diarioregionaldigital.com.br\/index.php?rest_route=\/wp\/v2\/posts\/137429\/revisions"}],"wp:featuredmedia":[{"embeddable":true,"href":"https:\/\/diarioregionaldigital.com.br\/index.php?rest_route=\/wp\/v2\/media\/137430"}],"wp:attachment":[{"href":"https:\/\/diarioregionaldigital.com.br\/index.php?rest_route=%2Fwp%2Fv2%2Fmedia&parent=137429"}],"wp:term":[{"taxonomy":"category","embeddable":true,"href":"https:\/\/diarioregionaldigital.com.br\/index.php?rest_route=%2Fwp%2Fv2%2Fcategories&post=137429"},{"taxonomy":"post_tag","embeddable":true,"href":"https:\/\/diarioregionaldigital.com.br\/index.php?rest_route=%2Fwp%2Fv2%2Ftags&post=137429"}],"curies":[{"name":"wp","href":"https:\/\/api.w.org\/{rel}","templated":true}]}}