{"id":137423,"date":"2019-04-04T06:00:37","date_gmt":"2019-04-04T09:00:37","guid":{"rendered":"https:\/\/diarioregionaldigital.com.br\/?p=137423"},"modified":"2019-04-04T01:14:53","modified_gmt":"2019-04-04T04:14:53","slug":"prefeitura-municipal-de-tocantins-processo-no021-05-04-19","status":"publish","type":"post","link":"https:\/\/diarioregionaldigital.com.br\/?p=137423","title":{"rendered":"Prefeitura Municipal de Tocantins &#8211; Processo n\u00ba021 &#8211; 05\/04\/19"},"content":{"rendered":"<p style=\"text-align: center;\"><strong>ATO DE RATIFICA\u00c7\u00c3O DE DISPENSA DE LICITA\u00c7\u00c3O\u00a0<\/strong><br \/>\n<strong>Processo n\u00ba 021\/2019<\/strong><br \/>\n<strong>Dispensa n\u00ba 003\/2019<\/strong><br \/>\n<strong>\u00a0<\/strong><br \/>\nO Prefeito Municipal de TOCANTINS, no uso de suas atribui\u00e7\u00f5es legais, com fulcro art. 24, inciso II da Lei n\u00b0 8.666\/93 e suas posteriores altera\u00e7\u00f5es, pelo presente ato, ratifica a dispensa de procedimento licitat\u00f3rio para a contrata\u00e7\u00e3o da Empresa COLEFAR LTDA ME\u00a0 para o item:\u00a0COLETA, TRANSPORTE, TRATAMENTO T\u00c9RMICO E\/OU DESTINA\u00c7\u00c3O FINAL DE 150 KG MENSAIS DE RESIDUOS DE SERVI\u00c7OS DE SA\u00daDE PERTENCENTES AOS GRUPOS \u201cA\u201d, \u201cB\u201d E \u201cE\u201d, PROVENIENTES DE SUAS OPERA\u00c7\u00d5ES PRODUTIVAS NORMAIS E CLASSIFICADAS DE ACORDO COM AS RESOLU\u00c7\u00d5ES DO CONAMA 358\/05 E RDC ANVISA 306\/04.\u00a0\u00a0TOCANTINS, 15 de MAR\u00c7O de 2019.\u00a0IEDER WASHIGTON DE OLIVEIRA -Prefeito Municipal<\/p>\n","protected":false},"excerpt":{"rendered":"<p>ATO DE RATIFICA\u00c7\u00c3O DE DISPENSA DE LICITA\u00c7\u00c3O\u00a0 Processo n\u00ba 021\/2019 Dispensa n\u00ba 003\/2019 \u00a0 O Prefeito Municipal de TOCANTINS, no uso de suas atribui\u00e7\u00f5es legais, com fulcro art. 24, inciso II da Lei n\u00b0 8.666\/93 e suas posteriores altera\u00e7\u00f5es, pelo presente ato, ratifica a dispensa de procedimento licitat\u00f3rio para a contrata\u00e7\u00e3o da Empresa COLEFAR LTDA [&hellip;]<\/p>\n","protected":false},"author":96,"featured_media":0,"comment_status":"closed","ping_status":"closed","sticky":false,"template":"","format":"standard","meta":{"footnotes":""},"categories":[307],"tags":[],"class_list":["post-137423","post","type-post","status-publish","format-standard","hentry","category-editais"],"_links":{"self":[{"href":"https:\/\/diarioregionaldigital.com.br\/index.php?rest_route=\/wp\/v2\/posts\/137423","targetHints":{"allow":["GET"]}}],"collection":[{"href":"https:\/\/diarioregionaldigital.com.br\/index.php?rest_route=\/wp\/v2\/posts"}],"about":[{"href":"https:\/\/diarioregionaldigital.com.br\/index.php?rest_route=\/wp\/v2\/types\/post"}],"author":[{"embeddable":true,"href":"https:\/\/diarioregionaldigital.com.br\/index.php?rest_route=\/wp\/v2\/users\/96"}],"replies":[{"embeddable":true,"href":"https:\/\/diarioregionaldigital.com.br\/index.php?rest_route=%2Fwp%2Fv2%2Fcomments&post=137423"}],"version-history":[{"count":0,"href":"https:\/\/diarioregionaldigital.com.br\/index.php?rest_route=\/wp\/v2\/posts\/137423\/revisions"}],"wp:attachment":[{"href":"https:\/\/diarioregionaldigital.com.br\/index.php?rest_route=%2Fwp%2Fv2%2Fmedia&parent=137423"}],"wp:term":[{"taxonomy":"category","embeddable":true,"href":"https:\/\/diarioregionaldigital.com.br\/index.php?rest_route=%2Fwp%2Fv2%2Fcategories&post=137423"},{"taxonomy":"post_tag","embeddable":true,"href":"https:\/\/diarioregionaldigital.com.br\/index.php?rest_route=%2Fwp%2Fv2%2Ftags&post=137423"}],"curies":[{"name":"wp","href":"https:\/\/api.w.org\/{rel}","templated":true}]}}