{"id":137409,"date":"2019-04-03T16:16:56","date_gmt":"2019-04-03T19:16:56","guid":{"rendered":"https:\/\/diarioregionaldigital.com.br\/?p=137409"},"modified":"2019-04-03T19:03:12","modified_gmt":"2019-04-03T22:03:12","slug":"veiculos-escolares-sao-autuados-durante-acao-conjunta-da-settra-deer-mg-e-pm","status":"publish","type":"post","link":"https:\/\/diarioregionaldigital.com.br\/?p=137409","title":{"rendered":"Ve\u00edculos escolares s\u00e3o autuados durante a\u00e7\u00e3o conjunta da Settra, DEER\/MG e PM"},"content":{"rendered":"<p>18 ve\u00edculos escolares foram abordados na Avenida Rio Branco, na altura do Bairro Graminha, durante a\u00e7\u00e3o da Secretaria de Transporte e Tr\u00e2nsito (Settra) da Prefeitura de Juiz de Fora (PJF), atrav\u00e9s do Departamento de Fiscaliza\u00e7\u00e3o de Transporte e Tr\u00e2nsito (DFTT), em parceria com o Departamento de Edifica\u00e7\u00f5es e Estradas de Rodagem de Minas Gerais (DEER\/MG) e Pol\u00edcia Militar (PM).<\/p>\n<p>A fiscaliza\u00e7\u00e3o de transporte escolar e fretados foi realizada na manh\u00e3 dessa quarta-feira, 3. Segundo as informa\u00e7\u00f5es,a Settra registrou cinco infra\u00e7\u00f5es, outras duas foram aplicadas pelo DEER\/MG. O DEER\/\/MG tamb\u00e9m aplicou duas autua\u00e7\u00f5es administrativas em ve\u00edculos que n\u00e3o tinham a Autoriza\u00e7\u00e3o de Transporte Fretado (ATF).<\/p>\n<p>Dos ve\u00edculos vistoriados, oito eram de Juiz de Fora. Das cinco autua\u00e7\u00f5es emitidas pela Settra, tr\u00eas foram por condu\u00e7\u00e3o de ve\u00edculo sem os documentos obrigat\u00f3rios (neste caso, faltou comprova\u00e7\u00e3o de capacita\u00e7\u00e3o dos condutores para a fun\u00e7\u00e3o), conforme prev\u00ea o C\u00f3digo de Tr\u00e2nsito Brasileiro (CTB), sendo falta leve, com perda de tr\u00eas pontos na Carteira Nacional de Habilita\u00e7\u00e3o (CNH) e pagamento de multa de R$ 88,38. Outra infra\u00e7\u00e3o foi pela pr\u00e1tica de transporte remunerado, sem estar licenciado para o servi\u00e7o. Sendo esta, infra\u00e7\u00e3o m\u00e9dia, com perda de quatro pontos na CNH e multa de R$ 130,16. Al\u00e9m disso, houve tamb\u00e9m autua\u00e7\u00e3o e remo\u00e7\u00e3o de ve\u00edculo com Certificado de Registro e Licenciamento (CRLV) vencido, configurado como falta grave, com menos sete pontos na carteira e pagamento de multa no valor de R$ 293,47.<\/p>\n<p>&nbsp;<\/p>\n","protected":false},"excerpt":{"rendered":"<p>18 ve\u00edculos escolares foram abordados na Avenida Rio Branco, na altura do Bairro Graminha, durante a\u00e7\u00e3o da Secretaria de Transporte e Tr\u00e2nsito (Settra) da Prefeitura de Juiz de Fora (PJF), atrav\u00e9s do Departamento de Fiscaliza\u00e7\u00e3o de Transporte e Tr\u00e2nsito (DFTT), em parceria com o Departamento de Edifica\u00e7\u00f5es e Estradas de Rodagem de Minas Gerais (DEER\/MG) [&hellip;]<\/p>\n","protected":false},"author":96,"featured_media":137413,"comment_status":"closed","ping_status":"closed","sticky":false,"template":"","format":"standard","meta":{"footnotes":""},"categories":[253,436,440,439],"tags":[],"class_list":["post-137409","post","type-post","status-publish","format-standard","has-post-thumbnail","hentry","category-cidade","category-destaque-da-semana","category-destaques-do-dia","category-ultima-hora"],"_links":{"self":[{"href":"https:\/\/diarioregionaldigital.com.br\/index.php?rest_route=\/wp\/v2\/posts\/137409","targetHints":{"allow":["GET"]}}],"collection":[{"href":"https:\/\/diarioregionaldigital.com.br\/index.php?rest_route=\/wp\/v2\/posts"}],"about":[{"href":"https:\/\/diarioregionaldigital.com.br\/index.php?rest_route=\/wp\/v2\/types\/post"}],"author":[{"embeddable":true,"href":"https:\/\/diarioregionaldigital.com.br\/index.php?rest_route=\/wp\/v2\/users\/96"}],"replies":[{"embeddable":true,"href":"https:\/\/diarioregionaldigital.com.br\/index.php?rest_route=%2Fwp%2Fv2%2Fcomments&post=137409"}],"version-history":[{"count":0,"href":"https:\/\/diarioregionaldigital.com.br\/index.php?rest_route=\/wp\/v2\/posts\/137409\/revisions"}],"wp:featuredmedia":[{"embeddable":true,"href":"https:\/\/diarioregionaldigital.com.br\/index.php?rest_route=\/wp\/v2\/media\/137413"}],"wp:attachment":[{"href":"https:\/\/diarioregionaldigital.com.br\/index.php?rest_route=%2Fwp%2Fv2%2Fmedia&parent=137409"}],"wp:term":[{"taxonomy":"category","embeddable":true,"href":"https:\/\/diarioregionaldigital.com.br\/index.php?rest_route=%2Fwp%2Fv2%2Fcategories&post=137409"},{"taxonomy":"post_tag","embeddable":true,"href":"https:\/\/diarioregionaldigital.com.br\/index.php?rest_route=%2Fwp%2Fv2%2Ftags&post=137409"}],"curies":[{"name":"wp","href":"https:\/\/api.w.org\/{rel}","templated":true}]}}