{"id":137405,"date":"2019-04-04T06:00:56","date_gmt":"2019-04-04T09:00:56","guid":{"rendered":"https:\/\/diarioregionaldigital.com.br\/?p=137405"},"modified":"2019-04-03T18:28:12","modified_gmt":"2019-04-03T21:28:12","slug":"e-show-6","status":"publish","type":"post","link":"https:\/\/diarioregionaldigital.com.br\/?p=137405","title":{"rendered":"\u00c9 Show"},"content":{"rendered":"<p style=\"text-align: center;\"><strong>Inova\u00e7\u00e3o <\/strong><\/p>\n<p style=\"text-align: center;\">Olha s\u00f3: as empresas interessadas em participar da sele\u00e7\u00e3o para prestadores de servi\u00e7os do Sebraetec, programa direcionado \u00e0 orienta\u00e7\u00e3o de empreendedores na busca por solu\u00e7\u00f5es inovadoras, podem se inscrever para a palestra gratuita, que acontece na 5\u00aa feira, 4 de abril, na sede do Sebrae\/JF, no bairro Santa Helena. O foco \u00e9 \u201cComo credenciar sua empresa para prestar servi\u00e7os em solu\u00e7\u00f5es de inova\u00e7\u00e3o e tecnologia do \u201cSebrae Minas \u2013 Sebraetec\u201d. Inscri\u00e7\u00f5es: (32) 3257-4708.<\/p>\n<p style=\"text-align: center;\"><strong>Sucesso<\/strong><\/p>\n<p style=\"text-align: center;\">Alunos de Arquitetura do CES\/JF, Italo Seghetto, Wudyanna Menezes e Leonardo Fernandes tiveram artigo aprovado para o Congresso Internacional de Hist\u00f3ria da Constru\u00e7\u00e3o Luso- Brasileira, que acontece em Salvador. O trabalho teve orienta\u00e7\u00e3o do professor Thiago Berzoini.<\/p>\n<p style=\"text-align: center;\"><strong>Na Europa<\/strong><\/p>\n<p style=\"text-align: center;\">Est\u00e1 sob o c\u00e9u do Chipre, o m\u00e9dico Gustavo Ramalho, da Hemodin\u00e2mica do Hospital Monte Sinai. Ele est\u00e1 participando do encontro com 40 especialistas de tr\u00eas continentes. Todos est\u00e3o se atualizando sobre procedimentos avan\u00e7ados em pacientes de alto risco com alguns dos maiores speakers internacionais da cardiologia intervencionista.<\/p>\n<p style=\"text-align: center;\"><strong>\u00c9 Show<\/strong><\/p>\n<p style=\"text-align: center;\">O Bar da Pra\u00e7a no bairro de Lourdes \u00e9 o point do momento. Nesta 5\u00aa feira, 4, tem o show Elas Comandam com a cantora Paty Fernandes. J\u00e1 na 6\u00aa feira, 5, tem Sertaneja com o trio RCX. No s\u00e1bado, 6, tem Boteco do Felipe e Luan e no domingo \u00e0 tarde tem Samba do Mestre. Imperd\u00edvel.<\/p>\n<div id=\"attachment_137391\" style=\"width: 690px\" class=\"wp-caption aligncenter\"><img loading=\"lazy\" decoding=\"async\" aria-describedby=\"caption-attachment-137391\" class=\"wp-image-137391\" src=\"https:\/\/diarioregionaldigital.com.br\/wp-content\/uploads\/2019\/04\/fotoa-2-e1554326313965.jpg\" alt=\"\" width=\"680\" height=\"489\" srcset=\"https:\/\/diarioregionaldigital.com.br\/wp-content\/uploads\/2019\/04\/fotoa-2-e1554326313965.jpg 1588w, https:\/\/diarioregionaldigital.com.br\/wp-content\/uploads\/2019\/04\/fotoa-2-e1554326313965-300x216.jpg 300w, https:\/\/diarioregionaldigital.com.br\/wp-content\/uploads\/2019\/04\/fotoa-2-e1554326313965-768x553.jpg 768w, https:\/\/diarioregionaldigital.com.br\/wp-content\/uploads\/2019\/04\/fotoa-2-e1554326313965-1024x737.jpg 1024w, https:\/\/diarioregionaldigital.com.br\/wp-content\/uploads\/2019\/04\/fotoa-2-e1554326313965-360x259.jpg 360w\" sizes=\"auto, (max-width: 680px) 100vw, 680px\" \/><p id=\"caption-attachment-137391\" class=\"wp-caption-text\">Em noite gloriosa na Avalon, os vencedores: Iasmin Cordeiro (Miss Teen 2019), Luisa Rocha (Miss Juiz de Fora CNB 2019), Marcelo Almeida (Mr. Juiz de Fora CNB 2019)<\/p><\/div>\n<div id=\"attachment_137404\" style=\"width: 690px\" class=\"wp-caption aligncenter\"><img loading=\"lazy\" decoding=\"async\" aria-describedby=\"caption-attachment-137404\" class=\"wp-image-137404\" src=\"https:\/\/diarioregionaldigital.com.br\/wp-content\/uploads\/2019\/04\/fotocc-1-e1554326558403.jpg\" alt=\"\" width=\"680\" height=\"476\" srcset=\"https:\/\/diarioregionaldigital.com.br\/wp-content\/uploads\/2019\/04\/fotocc-1-e1554326558403.jpg 5370w, https:\/\/diarioregionaldigital.com.br\/wp-content\/uploads\/2019\/04\/fotocc-1-e1554326558403-300x210.jpg 300w, https:\/\/diarioregionaldigital.com.br\/wp-content\/uploads\/2019\/04\/fotocc-1-e1554326558403-768x537.jpg 768w, https:\/\/diarioregionaldigital.com.br\/wp-content\/uploads\/2019\/04\/fotocc-1-e1554326558403-1024x716.jpg 1024w, https:\/\/diarioregionaldigital.com.br\/wp-content\/uploads\/2019\/04\/fotocc-1-e1554326558403-360x252.jpg 360w, https:\/\/diarioregionaldigital.com.br\/wp-content\/uploads\/2019\/04\/fotocc-1-e1554326558403-100x70.jpg 100w\" sizes=\"auto, (max-width: 680px) 100vw, 680px\" \/><p id=\"caption-attachment-137404\" class=\"wp-caption-text\">No lan\u00e7amento de Miss Brasil Gay 2019 no Trade Hotel, Michel Brucce, Aline Firjam, a Miss Brasil Gay 2018 Yakira Queiroz, Marcos Trajano e Andr\u00e9 Pavam<\/p><\/div>\n<div id=\"attachment_137392\" style=\"width: 690px\" class=\"wp-caption aligncenter\"><img loading=\"lazy\" decoding=\"async\" aria-describedby=\"caption-attachment-137392\" class=\"wp-image-137392\" src=\"https:\/\/diarioregionaldigital.com.br\/wp-content\/uploads\/2019\/04\/fotoaa-1-e1554326339706.jpg\" alt=\"\" width=\"680\" height=\"545\" srcset=\"https:\/\/diarioregionaldigital.com.br\/wp-content\/uploads\/2019\/04\/fotoaa-1-e1554326339706.jpg 537w, https:\/\/diarioregionaldigital.com.br\/wp-content\/uploads\/2019\/04\/fotoaa-1-e1554326339706-300x240.jpg 300w, https:\/\/diarioregionaldigital.com.br\/wp-content\/uploads\/2019\/04\/fotoaa-1-e1554326339706-360x288.jpg 360w\" sizes=\"auto, (max-width: 680px) 100vw, 680px\" \/><p id=\"caption-attachment-137392\" class=\"wp-caption-text\">No Vaporetto, a estrelinha Gabriele festejou n\u00edver com o padrinho Rhuan Fontes<\/p><\/div>\n<div id=\"attachment_137393\" style=\"width: 690px\" class=\"wp-caption aligncenter\"><img loading=\"lazy\" decoding=\"async\" aria-describedby=\"caption-attachment-137393\" class=\"wp-image-137393\" src=\"https:\/\/diarioregionaldigital.com.br\/wp-content\/uploads\/2019\/04\/fotob-2-e1554326370413.jpg\" alt=\"\" width=\"680\" height=\"519\" srcset=\"https:\/\/diarioregionaldigital.com.br\/wp-content\/uploads\/2019\/04\/fotob-2-e1554326370413.jpg 1185w, https:\/\/diarioregionaldigital.com.br\/wp-content\/uploads\/2019\/04\/fotob-2-e1554326370413-300x229.jpg 300w, https:\/\/diarioregionaldigital.com.br\/wp-content\/uploads\/2019\/04\/fotob-2-e1554326370413-768x587.jpg 768w, https:\/\/diarioregionaldigital.com.br\/wp-content\/uploads\/2019\/04\/fotob-2-e1554326370413-1024x782.jpg 1024w, https:\/\/diarioregionaldigital.com.br\/wp-content\/uploads\/2019\/04\/fotob-2-e1554326370413-360x275.jpg 360w\" sizes=\"auto, (max-width: 680px) 100vw, 680px\" \/><p id=\"caption-attachment-137393\" class=\"wp-caption-text\">Mulheres empoderadas, Cl\u00e1udia Nunes e Rosa L\u00facia<\/p><\/div>\n<div id=\"attachment_137394\" style=\"width: 690px\" class=\"wp-caption aligncenter\"><img loading=\"lazy\" decoding=\"async\" aria-describedby=\"caption-attachment-137394\" class=\"wp-image-137394\" src=\"https:\/\/diarioregionaldigital.com.br\/wp-content\/uploads\/2019\/04\/fotobb-e1554326395601.png\" alt=\"\" width=\"680\" height=\"461\" srcset=\"https:\/\/diarioregionaldigital.com.br\/wp-content\/uploads\/2019\/04\/fotobb-e1554326395601.png 1479w, https:\/\/diarioregionaldigital.com.br\/wp-content\/uploads\/2019\/04\/fotobb-e1554326395601-300x203.png 300w, https:\/\/diarioregionaldigital.com.br\/wp-content\/uploads\/2019\/04\/fotobb-e1554326395601-768x520.png 768w, https:\/\/diarioregionaldigital.com.br\/wp-content\/uploads\/2019\/04\/fotobb-e1554326395601-1024x694.png 1024w, https:\/\/diarioregionaldigital.com.br\/wp-content\/uploads\/2019\/04\/fotobb-e1554326395601-360x244.png 360w\" sizes=\"auto, (max-width: 680px) 100vw, 680px\" \/><p id=\"caption-attachment-137394\" class=\"wp-caption-text\">Em sua palestra sobre seu livro \u201cCerveja, Alem\u00e3es e Juiz de Fora\u201d o iluminado autor Alexandre Hill, no Instituto Santo Tomaz de Aquino<\/p><\/div>\n<div id=\"attachment_137395\" style=\"width: 690px\" class=\"wp-caption aligncenter\"><img loading=\"lazy\" decoding=\"async\" aria-describedby=\"caption-attachment-137395\" class=\"wp-image-137395\" src=\"https:\/\/diarioregionaldigital.com.br\/wp-content\/uploads\/2019\/04\/fotoc-2-e1554326430424.jpg\" alt=\"\" width=\"680\" height=\"510\" srcset=\"https:\/\/diarioregionaldigital.com.br\/wp-content\/uploads\/2019\/04\/fotoc-2-e1554326430424.jpg 1050w, https:\/\/diarioregionaldigital.com.br\/wp-content\/uploads\/2019\/04\/fotoc-2-e1554326430424-300x225.jpg 300w, https:\/\/diarioregionaldigital.com.br\/wp-content\/uploads\/2019\/04\/fotoc-2-e1554326430424-768x576.jpg 768w, https:\/\/diarioregionaldigital.com.br\/wp-content\/uploads\/2019\/04\/fotoc-2-e1554326430424-1024x768.jpg 1024w, https:\/\/diarioregionaldigital.com.br\/wp-content\/uploads\/2019\/04\/fotoc-2-e1554326430424-360x270.jpg 360w\" sizes=\"auto, (max-width: 680px) 100vw, 680px\" \/><p id=\"caption-attachment-137395\" class=\"wp-caption-text\">Wesley Ferry, 2\u00ba lugar no Mr. Juiz de Fora 2019<\/p><\/div>\n<div id=\"attachment_137397\" style=\"width: 690px\" class=\"wp-caption aligncenter\"><img loading=\"lazy\" decoding=\"async\" aria-describedby=\"caption-attachment-137397\" class=\"wp-image-137397\" src=\"https:\/\/diarioregionaldigital.com.br\/wp-content\/uploads\/2019\/04\/fotod-2-e1554326457132.jpg\" alt=\"\" width=\"680\" height=\"565\" srcset=\"https:\/\/diarioregionaldigital.com.br\/wp-content\/uploads\/2019\/04\/fotod-2-e1554326457132.jpg 1169w, https:\/\/diarioregionaldigital.com.br\/wp-content\/uploads\/2019\/04\/fotod-2-e1554326457132-300x249.jpg 300w, https:\/\/diarioregionaldigital.com.br\/wp-content\/uploads\/2019\/04\/fotod-2-e1554326457132-768x638.jpg 768w, https:\/\/diarioregionaldigital.com.br\/wp-content\/uploads\/2019\/04\/fotod-2-e1554326457132-1024x851.jpg 1024w, https:\/\/diarioregionaldigital.com.br\/wp-content\/uploads\/2019\/04\/fotod-2-e1554326457132-360x299.jpg 360w\" sizes=\"auto, (max-width: 680px) 100vw, 680px\" \/><p id=\"caption-attachment-137397\" class=\"wp-caption-text\">J\u00fanior Almeida, 4\u00ba lugar no Mr. Juiz de Fora 2019<\/p><\/div>\n<div id=\"attachment_137399\" style=\"width: 690px\" class=\"wp-caption aligncenter\"><img loading=\"lazy\" decoding=\"async\" aria-describedby=\"caption-attachment-137399\" class=\"wp-image-137399\" src=\"https:\/\/diarioregionaldigital.com.br\/wp-content\/uploads\/2019\/04\/fotof-2-e1554326478414.jpg\" alt=\"\" width=\"680\" height=\"506\" srcset=\"https:\/\/diarioregionaldigital.com.br\/wp-content\/uploads\/2019\/04\/fotof-2-e1554326478414.jpg 1152w, https:\/\/diarioregionaldigital.com.br\/wp-content\/uploads\/2019\/04\/fotof-2-e1554326478414-300x223.jpg 300w, https:\/\/diarioregionaldigital.com.br\/wp-content\/uploads\/2019\/04\/fotof-2-e1554326478414-768x572.jpg 768w, https:\/\/diarioregionaldigital.com.br\/wp-content\/uploads\/2019\/04\/fotof-2-e1554326478414-1024x763.jpg 1024w, https:\/\/diarioregionaldigital.com.br\/wp-content\/uploads\/2019\/04\/fotof-2-e1554326478414-360x268.jpg 360w\" sizes=\"auto, (max-width: 680px) 100vw, 680px\" \/><p id=\"caption-attachment-137399\" class=\"wp-caption-text\">Tain\u00e3 Vianella, 3\u00ba lugar no Mr. Juiz de Fora 2019<\/p><\/div>\n<div id=\"attachment_137400\" style=\"width: 690px\" class=\"wp-caption aligncenter\"><img loading=\"lazy\" decoding=\"async\" aria-describedby=\"caption-attachment-137400\" class=\"wp-image-137400\" src=\"https:\/\/diarioregionaldigital.com.br\/wp-content\/uploads\/2019\/04\/fotog-2-e1554326497368.jpg\" alt=\"\" width=\"680\" height=\"500\" srcset=\"https:\/\/diarioregionaldigital.com.br\/wp-content\/uploads\/2019\/04\/fotog-2-e1554326497368.jpg 1176w, https:\/\/diarioregionaldigital.com.br\/wp-content\/uploads\/2019\/04\/fotog-2-e1554326497368-300x220.jpg 300w, https:\/\/diarioregionaldigital.com.br\/wp-content\/uploads\/2019\/04\/fotog-2-e1554326497368-768x564.jpg 768w, https:\/\/diarioregionaldigital.com.br\/wp-content\/uploads\/2019\/04\/fotog-2-e1554326497368-1024x752.jpg 1024w, https:\/\/diarioregionaldigital.com.br\/wp-content\/uploads\/2019\/04\/fotog-2-e1554326497368-360x264.jpg 360w\" sizes=\"auto, (max-width: 680px) 100vw, 680px\" \/><p id=\"caption-attachment-137400\" class=\"wp-caption-text\">Laura Ribeiro, top 5 no Miss Juiz de Fora 2019<\/p><\/div>\n<div id=\"attachment_137403\" style=\"width: 690px\" class=\"wp-caption aligncenter\"><img loading=\"lazy\" decoding=\"async\" aria-describedby=\"caption-attachment-137403\" class=\"wp-image-137403\" src=\"https:\/\/diarioregionaldigital.com.br\/wp-content\/uploads\/2019\/04\/fotoj-1-e1554326530512.jpg\" alt=\"\" width=\"680\" height=\"477\" srcset=\"https:\/\/diarioregionaldigital.com.br\/wp-content\/uploads\/2019\/04\/fotoj-1-e1554326530512.jpg 1107w, https:\/\/diarioregionaldigital.com.br\/wp-content\/uploads\/2019\/04\/fotoj-1-e1554326530512-300x210.jpg 300w, https:\/\/diarioregionaldigital.com.br\/wp-content\/uploads\/2019\/04\/fotoj-1-e1554326530512-768x539.jpg 768w, https:\/\/diarioregionaldigital.com.br\/wp-content\/uploads\/2019\/04\/fotoj-1-e1554326530512-1024x719.jpg 1024w, https:\/\/diarioregionaldigital.com.br\/wp-content\/uploads\/2019\/04\/fotoj-1-e1554326530512-360x253.jpg 360w, https:\/\/diarioregionaldigital.com.br\/wp-content\/uploads\/2019\/04\/fotoj-1-e1554326530512-100x70.jpg 100w\" sizes=\"auto, (max-width: 680px) 100vw, 680px\" \/><p id=\"caption-attachment-137403\" class=\"wp-caption-text\">Na Esta\u00e7\u00e3o Grill, Marc\u00edlio Gomes, Andrea Macedo Goossens, Ariane Sarto e Alvaro Lhamas<\/p><\/div>\n<p style=\"text-align: center;\"><strong>FOTOSS\u00cdNTESE<\/strong><\/p>\n<p>Em estilo \u00fanico, acontece nos dias 5, 6 e 7, na Pra\u00e7a S\u00e3o Mateus, o Festival de Churrasco com diversas del\u00edcias. O 2\u00ba Sabores na Brasa vai determinar a chegada do outono.<\/p>\n<p>Para o dia 24 de abril, o genial escritor Mario Sergio Cortella faz palestra no Expominas\/JF. Na pauta, Superar, Inovar &amp; Transformar e a Sorte Segue a Coragem. Ingressos na Livraria Vozes e Zine Cultural.<\/p>\n<p>J\u00e1 est\u00e1 em andamento o Laborat\u00f3rio de Teatro com Corpo Coletivo. O local \u00e9 OAndarDeBaixo. O hor\u00e1rio \u00e9 de 19h \u00e0s 22h. Informa\u00e7\u00f5es: 99137-5584.<\/p>\n<p>Conjugando equil\u00edbrio total, o Espa\u00e7o Chakra faz sucesso com o lema Sa\u00fade \u00e9 viver! Al\u00e9m de yoga, o espa\u00e7o junta terapia Ayurveda, massagens Ayurveda e hol\u00edstica, Thetahealing, constela\u00e7\u00e3o familiar, Reiki e Pranaterapia. O endere\u00e7o \u00e9 na Av. Oleg\u00e1rio Maciel, n\u00ba 1739 no Paineiras. Contato: 98869-2512.<\/p>\n<p>Para aquele rol\u00ea cervejeiro, a dica esperta s\u00e3o os 3 novos lan\u00e7amentos de cervejas do Timboo, no Alto dos Passos.<\/p>\n<p>Para segurar a peteca e manter o ritmo nesta Quaresma, est\u00e1 reservado para o dia 14, o Dia com Her\u00f3is na \u00c1gua Santa. De 11h \u00e0s 17h, tem brincadeiras ao ar livre, recreadores do Brinca Kids, apresenta\u00e7\u00e3o dos personagens do \u201cEra uma vez Personagens\u201d. O evento traduz uma conex\u00e3o com fam\u00edlia e a natureza.<\/p>\n<p>A bandas Biqu\u00edni Cavad\u00e3o e Skank fazem a festa nos dias 19 e 20 de abril, no Ibitipoca Music Festival que ser\u00e1 localizado no Alpha Ville Chal\u00e9s.<\/p>\n<p>Amigos e s\u00f3cios do Cascatinha Coutry Clube foram prestigiar a posse do novo presidente do clube celeste, Maur\u00edcio de Oliveira e a diretoria em festa no Sal\u00e3o Cristal.<\/p>\n<p>Para acertar na mosca: \u201cAmigos de verdade s\u00e3o aqueles que se lembra de voc\u00ea mesmo quando voc\u00ea n\u00e3o os serve\u201d (Sabedoria Divina). Bom dia!<\/p>\n<p><img loading=\"lazy\" decoding=\"async\" class=\"aligncenter size-full wp-image-135792\" src=\"https:\/\/diarioregionaldigital.com.br\/wp-content\/uploads\/2019\/03\/Fashion_6x15-nova.jpg\" alt=\"\" width=\"3484\" height=\"1772\" srcset=\"https:\/\/diarioregionaldigital.com.br\/wp-content\/uploads\/2019\/03\/Fashion_6x15-nova.jpg 3484w, https:\/\/diarioregionaldigital.com.br\/wp-content\/uploads\/2019\/03\/Fashion_6x15-nova-300x153.jpg 300w, https:\/\/diarioregionaldigital.com.br\/wp-content\/uploads\/2019\/03\/Fashion_6x15-nova-768x391.jpg 768w, https:\/\/diarioregionaldigital.com.br\/wp-content\/uploads\/2019\/03\/Fashion_6x15-nova-1024x521.jpg 1024w, https:\/\/diarioregionaldigital.com.br\/wp-content\/uploads\/2019\/03\/Fashion_6x15-nova-360x183.jpg 360w\" sizes=\"auto, (max-width: 3484px) 100vw, 3484px\" \/><\/p>\n","protected":false},"excerpt":{"rendered":"<p>Inova\u00e7\u00e3o Olha s\u00f3: as empresas interessadas em participar da sele\u00e7\u00e3o para prestadores de servi\u00e7os do Sebraetec, programa direcionado \u00e0 orienta\u00e7\u00e3o de empreendedores na busca por solu\u00e7\u00f5es inovadoras, podem se inscrever para a palestra gratuita, que acontece na 5\u00aa feira, 4 de abril, na sede do Sebrae\/JF, no bairro Santa Helena. O foco \u00e9 \u201cComo credenciar [&hellip;]<\/p>\n","protected":false},"author":96,"featured_media":137391,"comment_status":"closed","ping_status":"closed","sticky":false,"template":"","format":"standard","meta":{"footnotes":""},"categories":[264],"tags":[],"class_list":["post-137405","post","type-post","status-publish","format-standard","has-post-thumbnail","hentry","category-eduardo-gomes"],"_links":{"self":[{"href":"https:\/\/diarioregionaldigital.com.br\/index.php?rest_route=\/wp\/v2\/posts\/137405","targetHints":{"allow":["GET"]}}],"collection":[{"href":"https:\/\/diarioregionaldigital.com.br\/index.php?rest_route=\/wp\/v2\/posts"}],"about":[{"href":"https:\/\/diarioregionaldigital.com.br\/index.php?rest_route=\/wp\/v2\/types\/post"}],"author":[{"embeddable":true,"href":"https:\/\/diarioregionaldigital.com.br\/index.php?rest_route=\/wp\/v2\/users\/96"}],"replies":[{"embeddable":true,"href":"https:\/\/diarioregionaldigital.com.br\/index.php?rest_route=%2Fwp%2Fv2%2Fcomments&post=137405"}],"version-history":[{"count":0,"href":"https:\/\/diarioregionaldigital.com.br\/index.php?rest_route=\/wp\/v2\/posts\/137405\/revisions"}],"wp:featuredmedia":[{"embeddable":true,"href":"https:\/\/diarioregionaldigital.com.br\/index.php?rest_route=\/wp\/v2\/media\/137391"}],"wp:attachment":[{"href":"https:\/\/diarioregionaldigital.com.br\/index.php?rest_route=%2Fwp%2Fv2%2Fmedia&parent=137405"}],"wp:term":[{"taxonomy":"category","embeddable":true,"href":"https:\/\/diarioregionaldigital.com.br\/index.php?rest_route=%2Fwp%2Fv2%2Fcategories&post=137405"},{"taxonomy":"post_tag","embeddable":true,"href":"https:\/\/diarioregionaldigital.com.br\/index.php?rest_route=%2Fwp%2Fv2%2Ftags&post=137405"}],"curies":[{"name":"wp","href":"https:\/\/api.w.org\/{rel}","templated":true}]}}