{"id":137383,"date":"2019-04-03T16:31:06","date_gmt":"2019-04-03T19:31:06","guid":{"rendered":"https:\/\/diarioregionaldigital.com.br\/?p=137383"},"modified":"2019-04-03T16:46:56","modified_gmt":"2019-04-03T19:46:56","slug":"pjf-doa-frutas-apreendidas-para-creches-municipais","status":"publish","type":"post","link":"https:\/\/diarioregionaldigital.com.br\/?p=137383","title":{"rendered":"PJF doa frutas apreendidas para creches municipais"},"content":{"rendered":"<p>548 caquis foram apreendidos durante fiscaliza\u00e7\u00e3o do Departamento de Departamento de Fiscaliza\u00e7\u00e3o Ambiental e Urbana (Dfau), da Secretaria de Meio Ambiente e Ordenamento Urbano (Semaur) da Prefeitura de Juiz de Fora (PJF), nesta semana. As frutas foram apreendidas pela fiscaliza\u00e7\u00e3o, porque estavam sendo comercializadas clandestinamente, na Rua Floriano Peixoto e na Avenida Bar\u00e3o do Rio Branco.<\/p>\n<p>As frutas apreendidas durante a a\u00e7\u00e3o foram doadas para duas creches municipais porque, de acordo com o C\u00f3digo de Posturas do Munic\u00edpio, alimentos perec\u00edveis e materiais ilegais apreendidos n\u00e3o s\u00e3o pass\u00edveis de devolu\u00e7\u00e3o, em qualquer situa\u00e7\u00e3o, portanto, seguiram para doa\u00e7\u00e3o. As creches beneficiadas com doa\u00e7\u00e3o foram: a Creche Cl\u00e9lia Gerv\u00e1sio Scafuto, que fica no Bairro Vila Ideal, e a Associa\u00e7\u00e3o Assistencial Adalberto Teixeira Fernandes Filho, localizada no Bairro Santo Ant\u00f4nio.<\/p>\n<p>Na \u00faltima semana, a Secretaria de Atividade Urbanas (SAU) doou cerca de 800 kg de frutas para duas escolas municipais. As beneficiadas foram as escolas municipais Ipiranga e a Gabriel Gon\u00e7alves da Silva, localizadas na regi\u00e3o sul de Juiz de Fora. As institui\u00e7\u00f5es, juntas, receberam 868 caixas de morango, caqui e uva.<\/p>\n","protected":false},"excerpt":{"rendered":"<p>548 caquis foram apreendidos durante fiscaliza\u00e7\u00e3o do Departamento de Departamento de Fiscaliza\u00e7\u00e3o Ambiental e Urbana (Dfau), da Secretaria de Meio Ambiente e Ordenamento Urbano (Semaur) da Prefeitura de Juiz de Fora (PJF), nesta semana. As frutas foram apreendidas pela fiscaliza\u00e7\u00e3o, porque estavam sendo comercializadas clandestinamente, na Rua Floriano Peixoto e na Avenida Bar\u00e3o do Rio [&hellip;]<\/p>\n","protected":false},"author":96,"featured_media":137384,"comment_status":"closed","ping_status":"closed","sticky":false,"template":"","format":"standard","meta":{"footnotes":""},"categories":[253,436,440,439],"tags":[],"class_list":["post-137383","post","type-post","status-publish","format-standard","has-post-thumbnail","hentry","category-cidade","category-destaque-da-semana","category-destaques-do-dia","category-ultima-hora"],"_links":{"self":[{"href":"https:\/\/diarioregionaldigital.com.br\/index.php?rest_route=\/wp\/v2\/posts\/137383","targetHints":{"allow":["GET"]}}],"collection":[{"href":"https:\/\/diarioregionaldigital.com.br\/index.php?rest_route=\/wp\/v2\/posts"}],"about":[{"href":"https:\/\/diarioregionaldigital.com.br\/index.php?rest_route=\/wp\/v2\/types\/post"}],"author":[{"embeddable":true,"href":"https:\/\/diarioregionaldigital.com.br\/index.php?rest_route=\/wp\/v2\/users\/96"}],"replies":[{"embeddable":true,"href":"https:\/\/diarioregionaldigital.com.br\/index.php?rest_route=%2Fwp%2Fv2%2Fcomments&post=137383"}],"version-history":[{"count":0,"href":"https:\/\/diarioregionaldigital.com.br\/index.php?rest_route=\/wp\/v2\/posts\/137383\/revisions"}],"wp:featuredmedia":[{"embeddable":true,"href":"https:\/\/diarioregionaldigital.com.br\/index.php?rest_route=\/wp\/v2\/media\/137384"}],"wp:attachment":[{"href":"https:\/\/diarioregionaldigital.com.br\/index.php?rest_route=%2Fwp%2Fv2%2Fmedia&parent=137383"}],"wp:term":[{"taxonomy":"category","embeddable":true,"href":"https:\/\/diarioregionaldigital.com.br\/index.php?rest_route=%2Fwp%2Fv2%2Fcategories&post=137383"},{"taxonomy":"post_tag","embeddable":true,"href":"https:\/\/diarioregionaldigital.com.br\/index.php?rest_route=%2Fwp%2Fv2%2Ftags&post=137383"}],"curies":[{"name":"wp","href":"https:\/\/api.w.org\/{rel}","templated":true}]}}