{"id":137380,"date":"2019-04-03T16:19:21","date_gmt":"2019-04-03T19:19:21","guid":{"rendered":"https:\/\/diarioregionaldigital.com.br\/?p=137380"},"modified":"2019-04-03T16:19:21","modified_gmt":"2019-04-03T19:19:21","slug":"campo-de-futebol-amador-do-bairro-progresso-recebe-iluminacao","status":"publish","type":"post","link":"https:\/\/diarioregionaldigital.com.br\/?p=137380","title":{"rendered":"Campo de futebol amador do Bairro Progresso recebe ilumina\u00e7\u00e3o"},"content":{"rendered":"<p>Os atletas da regi\u00e3o do Bairro Progresso poder\u00e3o agora \u201cbater uma bolinha\u201d \u00e0 noite. A ilumina\u00e7\u00e3o do campo da Comiss\u00e3o de Administra\u00e7\u00e3o do Espa\u00e7o Municipal (Caem) Progresso ser\u00e1 inaugurada na noite desta quinta-feira, 4, \u00e0s 19 horas.<\/p>\n<p>S\u00e3o 20 l\u00e2mpadas a vapor met\u00e1lico, de mil watts cada. Al\u00e9m do campo, a Pra\u00e7a de Esporte \u201cJos\u00e9 Petrato\u201d, na Rua Deputado Arlindo Leite, possui quadra e academia ao ar livre. A ilumina\u00e7\u00e3o da rua e da pra\u00e7a tamb\u00e9m foram revitalizadas e passaram por manuten\u00e7\u00e3o. A obra, custeada com recursos pr\u00f3prios e investimento de, aproximadamente, R$ 100 mil, foi realizada pelo Setor El\u00e9trico e de Ilumina\u00e7\u00e3o da Empresa Municipal de Pavimenta\u00e7\u00e3o e Urbaniza\u00e7\u00e3o (Empav), em parceria com a Secretaria de Esporte e Lazer (SEL), que supervisiona as Caems.<\/p>\n<p>Para a solenidade de inaugura\u00e7\u00e3o, a SEL convidou quatro equipes, para a disputa de duas partidas. Primeiro, as meninas do Projeto Social \u201cAmigos do Bem\u201d jogar\u00e3o contra a For\u00e7a Jovem. Em seguida, ser\u00e1 a vez dos veteranos, com Indom\u00e1veis x Bangu. Para o presidente da Caem, Fernando C\u00e9sar dos Santos, \u201ca ilumina\u00e7\u00e3o \u00e9 boa oportunidade de agregar mais jogos durante a semana, e trazer a comunidade para o campo, agora tamb\u00e9m durante a noite.\u201d De acordo com Fernando, cerca de mil pessoas assistem os jogos que acontecem aos domingos, entre jogadores, comiss\u00e3o t\u00e9cnica e torcidas.<\/p>\n<p>&nbsp;<\/p>\n<p>Fonte: PJF<\/p>\n","protected":false},"excerpt":{"rendered":"<p>Os atletas da regi\u00e3o do Bairro Progresso poder\u00e3o agora \u201cbater uma bolinha\u201d \u00e0 noite. A ilumina\u00e7\u00e3o do campo da Comiss\u00e3o de Administra\u00e7\u00e3o do Espa\u00e7o Municipal (Caem) Progresso ser\u00e1 inaugurada na noite desta quinta-feira, 4, \u00e0s 19 horas. S\u00e3o 20 l\u00e2mpadas a vapor met\u00e1lico, de mil watts cada. Al\u00e9m do campo, a Pra\u00e7a de Esporte \u201cJos\u00e9 [&hellip;]<\/p>\n","protected":false},"author":96,"featured_media":137381,"comment_status":"closed","ping_status":"closed","sticky":false,"template":"","format":"standard","meta":{"footnotes":""},"categories":[253,436,262,439],"tags":[],"class_list":["post-137380","post","type-post","status-publish","format-standard","has-post-thumbnail","hentry","category-cidade","category-destaque-da-semana","category-noticias","category-ultima-hora"],"_links":{"self":[{"href":"https:\/\/diarioregionaldigital.com.br\/index.php?rest_route=\/wp\/v2\/posts\/137380","targetHints":{"allow":["GET"]}}],"collection":[{"href":"https:\/\/diarioregionaldigital.com.br\/index.php?rest_route=\/wp\/v2\/posts"}],"about":[{"href":"https:\/\/diarioregionaldigital.com.br\/index.php?rest_route=\/wp\/v2\/types\/post"}],"author":[{"embeddable":true,"href":"https:\/\/diarioregionaldigital.com.br\/index.php?rest_route=\/wp\/v2\/users\/96"}],"replies":[{"embeddable":true,"href":"https:\/\/diarioregionaldigital.com.br\/index.php?rest_route=%2Fwp%2Fv2%2Fcomments&post=137380"}],"version-history":[{"count":0,"href":"https:\/\/diarioregionaldigital.com.br\/index.php?rest_route=\/wp\/v2\/posts\/137380\/revisions"}],"wp:featuredmedia":[{"embeddable":true,"href":"https:\/\/diarioregionaldigital.com.br\/index.php?rest_route=\/wp\/v2\/media\/137381"}],"wp:attachment":[{"href":"https:\/\/diarioregionaldigital.com.br\/index.php?rest_route=%2Fwp%2Fv2%2Fmedia&parent=137380"}],"wp:term":[{"taxonomy":"category","embeddable":true,"href":"https:\/\/diarioregionaldigital.com.br\/index.php?rest_route=%2Fwp%2Fv2%2Fcategories&post=137380"},{"taxonomy":"post_tag","embeddable":true,"href":"https:\/\/diarioregionaldigital.com.br\/index.php?rest_route=%2Fwp%2Fv2%2Ftags&post=137380"}],"curies":[{"name":"wp","href":"https:\/\/api.w.org\/{rel}","templated":true}]}}