{"id":137374,"date":"2019-04-03T16:12:31","date_gmt":"2019-04-03T19:12:31","guid":{"rendered":"https:\/\/diarioregionaldigital.com.br\/?p=137374"},"modified":"2019-04-03T16:12:31","modified_gmt":"2019-04-03T19:12:31","slug":"projeto-oferece-atendimento-psicanalitico-a-usuarias-de-drogas","status":"publish","type":"post","link":"https:\/\/diarioregionaldigital.com.br\/?p=137374","title":{"rendered":"Projeto oferece atendimento psicanal\u00edtico a usu\u00e1rias de drogas"},"content":{"rendered":"<p>Est\u00e3o abertas as inscri\u00e7\u00f5es para acompanhamento psicanal\u00edtico individual e em grupo para mulheres usu\u00e1rias de \u00e1lcool e outras drogas no projeto de extens\u00e3o Clarices, da Universidade Federal de Juiz de Fora (UFJF). Para se inscrever no atendimento individual, \u00e9 preciso entrar em contato com o Centro de Psicologia Aplicada (CPA), deixar nome e telefone e aguardar retorno. J\u00e1 o acolhimento em grupo acontece \u00e0s sextas-feiras, \u00e0s 14h, no CPA e, para participar, basta comparecer ao local, sem necessidade de realizar inscri\u00e7\u00e3o pr\u00e9via. As atividades s\u00e3o gratuitas e \u00e9 poss\u00edvel participar de ambas.<\/p>\n<p>A coordenadora do projeto, Claudia Ciribelli Rodrigues Silva, explica que a proposta \u00e9 atender as usu\u00e1rias de drogas que percebem algum preju\u00edzo nessa a\u00e7\u00e3o. O atendimento \u00e9 feito numa perspectiva psicanal\u00edtica de redu\u00e7\u00e3o de danos, sem que seja necess\u00e1rio que a mulher queira parar o uso. Ela observa ainda que essa ideia se contrap\u00f5e \u00e0 abstin\u00eancia, adotada por outros modelos de tratamento. \u201cA pr\u00f3pria concep\u00e7\u00e3o de dano depende de cada sujeito. \u00c9 claro que, se a pessoa quiser parar, isso n\u00e3o \u00e9 um problema, mas n\u00e3o \u00e9 uma exig\u00eancia. O espa\u00e7o pode contribuir para identificar o dano em cada caso, o acompanhamento \u00e9 singular e acontece a partir do sujeito.\u201d<\/p>\n<p>De acordo com a coordenadora, a ideia para a iniciativa surgiu \u201ca partir da fala de mulheres sobre espa\u00e7os de tratamentos masculinos que, muitas vezes, n\u00e3o se sentiam \u00e0 vontade para tratar de quest\u00f5es espec\u00edficas do campo feminino, como maternidade, viol\u00eancia e sexualidade\u201d. Atrelado a isso, Claudia destaca que o espa\u00e7o \u00e9 de escuta e que, muitas vezes, o sujeito chega a partir da quest\u00e3o da droga, mas que esse assunto, geralmente, \u201cest\u00e1 articulado a v\u00e1rias outras quest\u00f5es, a outros sofrimentos, e que \u00e9 importante falar deles tamb\u00e9m.<\/p>\n<p>Al\u00e9m dos atendimentos, o projeto busca promover uma articula\u00e7\u00e3o com os servi\u00e7os do munic\u00edpio que atendem o mesmo p\u00fablico, como o trabalho desenvolvido com o\u00a0Centro de Aten\u00e7\u00e3o Psicossocial \u2013 \u00c1lcool e Drogas(Caps ad), que encaminha casos para o Clarices. \u201cUm dos objetivos \u00e9 que possamos fazer visitas e interven\u00e7\u00f5es com mulheres que est\u00e3o tamb\u00e9m nessas redes\u201d, esclarece Claudia.<\/p>\n<p>O CPA fica localizado na Rua Santos Dumont 214, no Centro da cidade. Para se inscrever no atendimento individual, basta ligar no n\u00famero (32) 3216-1029 e deixar nome e telefone. Algum membro da equipe ir\u00e1 retornar para agendar o atendimento.<\/p>\n<p>&nbsp;<\/p>\n<p>Fonte: UFJF<\/p>\n","protected":false},"excerpt":{"rendered":"<p>Est\u00e3o abertas as inscri\u00e7\u00f5es para acompanhamento psicanal\u00edtico individual e em grupo para mulheres usu\u00e1rias de \u00e1lcool e outras drogas no projeto de extens\u00e3o Clarices, da Universidade Federal de Juiz de Fora (UFJF). Para se inscrever no atendimento individual, \u00e9 preciso entrar em contato com o Centro de Psicologia Aplicada (CPA), deixar nome e telefone e [&hellip;]<\/p>\n","protected":false},"author":96,"featured_media":137375,"comment_status":"closed","ping_status":"closed","sticky":false,"template":"","format":"standard","meta":{"footnotes":""},"categories":[253,436,262,439],"tags":[],"class_list":["post-137374","post","type-post","status-publish","format-standard","has-post-thumbnail","hentry","category-cidade","category-destaque-da-semana","category-noticias","category-ultima-hora"],"_links":{"self":[{"href":"https:\/\/diarioregionaldigital.com.br\/index.php?rest_route=\/wp\/v2\/posts\/137374","targetHints":{"allow":["GET"]}}],"collection":[{"href":"https:\/\/diarioregionaldigital.com.br\/index.php?rest_route=\/wp\/v2\/posts"}],"about":[{"href":"https:\/\/diarioregionaldigital.com.br\/index.php?rest_route=\/wp\/v2\/types\/post"}],"author":[{"embeddable":true,"href":"https:\/\/diarioregionaldigital.com.br\/index.php?rest_route=\/wp\/v2\/users\/96"}],"replies":[{"embeddable":true,"href":"https:\/\/diarioregionaldigital.com.br\/index.php?rest_route=%2Fwp%2Fv2%2Fcomments&post=137374"}],"version-history":[{"count":0,"href":"https:\/\/diarioregionaldigital.com.br\/index.php?rest_route=\/wp\/v2\/posts\/137374\/revisions"}],"wp:featuredmedia":[{"embeddable":true,"href":"https:\/\/diarioregionaldigital.com.br\/index.php?rest_route=\/wp\/v2\/media\/137375"}],"wp:attachment":[{"href":"https:\/\/diarioregionaldigital.com.br\/index.php?rest_route=%2Fwp%2Fv2%2Fmedia&parent=137374"}],"wp:term":[{"taxonomy":"category","embeddable":true,"href":"https:\/\/diarioregionaldigital.com.br\/index.php?rest_route=%2Fwp%2Fv2%2Fcategories&post=137374"},{"taxonomy":"post_tag","embeddable":true,"href":"https:\/\/diarioregionaldigital.com.br\/index.php?rest_route=%2Fwp%2Fv2%2Ftags&post=137374"}],"curies":[{"name":"wp","href":"https:\/\/api.w.org\/{rel}","templated":true}]}}