{"id":137325,"date":"2019-04-03T06:00:21","date_gmt":"2019-04-03T09:00:21","guid":{"rendered":"https:\/\/diarioregionaldigital.com.br\/?p=137325"},"modified":"2019-04-02T19:18:42","modified_gmt":"2019-04-02T22:18:42","slug":"convocacao-assembleia-moradores-bela-vista-03-04-19","status":"publish","type":"post","link":"https:\/\/diarioregionaldigital.com.br\/?p=137325","title":{"rendered":"Convoca\u00e7\u00e3o Assembleia Moradores Bela Vista &#8211; 03\/04\/19"},"content":{"rendered":"<p style=\"text-align: center;\"><strong>EDITAL DE CONVOCA\u00c7\u00c3O PARA ASSEMBLEIA DE FUNDA\u00c7\u00c3O\u00a0<\/strong><strong>E ELEI\u00c7\u00c3O DE DIRETORIA E CONSELHO FISCAL\u00a0<\/strong><strong>\u00a0DA <\/strong><strong>ASSOCIA\u00c7\u00c3O DOS PROPRIET\u00c1RIOS E MORADORES DO\u00a0<\/strong><strong>RESIDENCIAL BELA VISTA<\/strong><\/p>\n<p style=\"text-align: center;\">Pelo presente Edital, ficam convocados os interessados para a Assembleia de funda\u00e7\u00e3o da <strong>ASSOCIA\u00c7\u00c3O DOS PROPRIET\u00c1RIOS E MORADORES DO RESIDENCIAL BELA VISTA<\/strong>, a realizar-se no dia 22 de abril de 2019, \u00e0s 19:00 min em primeira convoca\u00e7\u00e3o e \u00e0s 19:30 min em segunda e \u00faltima convoca\u00e7\u00e3o, no Sal\u00e3o Pau Brasil, do Hotel Green Hill, no endere\u00e7o da Av. Deusdedit Salgado, 4351 &#8211; Salvaterra, Juiz de Fora &#8211; MG,para deliberar sobre os seguintes assuntos: <strong>ORDEM DO DIA<\/strong>: 1) Funda\u00e7\u00e3o da Associa\u00e7\u00e3o de Propriet\u00e1rios; 2) Elei\u00e7\u00e3o e posse da primeira Diretoria e Conselho Fiscal e 3) Assuntos gerais. Para tanto, fixa o presente edital na portaria do Residencial Bela Vista\u00ad, no endere\u00e7o da LMG 874, km 13, Matias Barbosa \u2013 MG e publica no jornal eletr\u00f4nico Di\u00e1rio Regional de Juiz de Fora,na edi\u00e7\u00e3o digital (<a href=\"http:\/\/www.diarioregionaldigital.com.br\">www.diarioregionaldigital.com.br<\/a> em editais) de 03\/ 04\/ 2019, dando publicidade ao evento. Juiz de Fora e Matias Barbosa &#8211; MG, 01 de abril de 2019.<\/p>\n","protected":false},"excerpt":{"rendered":"<p>EDITAL DE CONVOCA\u00c7\u00c3O PARA ASSEMBLEIA DE FUNDA\u00c7\u00c3O\u00a0E ELEI\u00c7\u00c3O DE DIRETORIA E CONSELHO FISCAL\u00a0\u00a0DA ASSOCIA\u00c7\u00c3O DOS PROPRIET\u00c1RIOS E MORADORES DO\u00a0RESIDENCIAL BELA VISTA Pelo presente Edital, ficam convocados os interessados para a Assembleia de funda\u00e7\u00e3o da ASSOCIA\u00c7\u00c3O DOS PROPRIET\u00c1RIOS E MORADORES DO RESIDENCIAL BELA VISTA, a realizar-se no dia 22 de abril de 2019, \u00e0s 19:00 min [&hellip;]<\/p>\n","protected":false},"author":96,"featured_media":0,"comment_status":"closed","ping_status":"closed","sticky":false,"template":"","format":"standard","meta":{"footnotes":""},"categories":[307],"tags":[],"class_list":["post-137325","post","type-post","status-publish","format-standard","hentry","category-editais"],"_links":{"self":[{"href":"https:\/\/diarioregionaldigital.com.br\/index.php?rest_route=\/wp\/v2\/posts\/137325","targetHints":{"allow":["GET"]}}],"collection":[{"href":"https:\/\/diarioregionaldigital.com.br\/index.php?rest_route=\/wp\/v2\/posts"}],"about":[{"href":"https:\/\/diarioregionaldigital.com.br\/index.php?rest_route=\/wp\/v2\/types\/post"}],"author":[{"embeddable":true,"href":"https:\/\/diarioregionaldigital.com.br\/index.php?rest_route=\/wp\/v2\/users\/96"}],"replies":[{"embeddable":true,"href":"https:\/\/diarioregionaldigital.com.br\/index.php?rest_route=%2Fwp%2Fv2%2Fcomments&post=137325"}],"version-history":[{"count":0,"href":"https:\/\/diarioregionaldigital.com.br\/index.php?rest_route=\/wp\/v2\/posts\/137325\/revisions"}],"wp:attachment":[{"href":"https:\/\/diarioregionaldigital.com.br\/index.php?rest_route=%2Fwp%2Fv2%2Fmedia&parent=137325"}],"wp:term":[{"taxonomy":"category","embeddable":true,"href":"https:\/\/diarioregionaldigital.com.br\/index.php?rest_route=%2Fwp%2Fv2%2Fcategories&post=137325"},{"taxonomy":"post_tag","embeddable":true,"href":"https:\/\/diarioregionaldigital.com.br\/index.php?rest_route=%2Fwp%2Fv2%2Ftags&post=137325"}],"curies":[{"name":"wp","href":"https:\/\/api.w.org\/{rel}","templated":true}]}}