{"id":137322,"date":"2019-04-03T06:00:58","date_gmt":"2019-04-03T09:00:58","guid":{"rendered":"https:\/\/diarioregionaldigital.com.br\/?p=137322"},"modified":"2019-04-02T19:12:26","modified_gmt":"2019-04-02T22:12:26","slug":"belo-gesto","status":"publish","type":"post","link":"https:\/\/diarioregionaldigital.com.br\/?p=137322","title":{"rendered":"Belo Gesto"},"content":{"rendered":"<p style=\"text-align: center;\"><strong>Visita<\/strong><\/p>\n<p style=\"text-align: center;\">Em boa hora, os vereadores que integram a Comiss\u00e3o de Abastecimento, Ind\u00fastria, Com\u00e9rcio, Agropecu\u00e1ria e Defesa do Consumidor da C\u00e2mara Municipal de Juiz de Fora estiveram no Aeroporto Presidente Itamar Franco entre Rio Novo e Goian\u00e1. Eles conheceram a din\u00e2mica de funcionamento do aeroporto e querem divulgar o potencial log\u00edstico para atrair empresas interessadas em utilizar o espa\u00e7o.<\/p>\n<p style=\"text-align: center;\"><strong>P\u00e1scoa<\/strong><\/p>\n<p style=\"text-align: center;\">Reduto da boa gastronomia, o Restaurante do Trade Hotel vai promover, no dia 21 de abril, o Almo\u00e7o de P\u00e1scoa em fam\u00edlia, com receitas deliciosas e mesa farta para h\u00f3spedes e clientes do hotel. O chef Geovani Freitas em meio a ca\u00e7a aos ovos no dia de P\u00e1scoa destaca o Salm\u00e3o com natas, batatas rosti e estrogonofe de chocolate.<\/p>\n<p style=\"text-align: center;\"><strong>Mulheres na C\u00e2mara<\/strong><\/p>\n<p style=\"text-align: center;\">Uma noite iluminada foi realizada na C\u00e2mara Municipal de Juiz de Fora para a entrega da Men\u00e7\u00e3o Honrosa Vera Faria a 19 mulheres que se destacaram por sua atua\u00e7\u00e3o no cen\u00e1rio juiz-forano e impactaram de forma positiva sua presen\u00e7a na comunidade. O nome da honraria fez men\u00e7\u00e3o ao Dia Internacional da Mulher.<\/p>\n<p style=\"text-align: center;\"><strong>Belo Gesto<\/strong><\/p>\n<p style=\"text-align: center;\">Criado h\u00e1 87 anos, o Educand\u00e1rio Carlos Chagas recebeu obras de revitaliza\u00e7\u00e3o promovidas pelo projeto X-LAB Juiz de Fora. Para que tudo ficasse pronto, o grupo realizou campanhas de doa\u00e7\u00f5es e coletivo on-line, al\u00e9m de receber materiais em postos de coleta. O Grupo tamb\u00e9m rifa uma camisa autografada pelos jogadores da Sele\u00e7\u00e3o Brasileira de Futebol, doada pelo lateral direito Danilo.<\/p>\n<div id=\"attachment_137287\" style=\"width: 690px\" class=\"wp-caption aligncenter\"><img loading=\"lazy\" decoding=\"async\" aria-describedby=\"caption-attachment-137287\" class=\"wp-image-137287\" src=\"https:\/\/diarioregionaldigital.com.br\/wp-content\/uploads\/2019\/04\/fotoa-1-e1554242351713.jpg\" alt=\"\" width=\"680\" height=\"534\" srcset=\"https:\/\/diarioregionaldigital.com.br\/wp-content\/uploads\/2019\/04\/fotoa-1-e1554242351713.jpg 1170w, https:\/\/diarioregionaldigital.com.br\/wp-content\/uploads\/2019\/04\/fotoa-1-e1554242351713-300x236.jpg 300w, https:\/\/diarioregionaldigital.com.br\/wp-content\/uploads\/2019\/04\/fotoa-1-e1554242351713-768x603.jpg 768w, https:\/\/diarioregionaldigital.com.br\/wp-content\/uploads\/2019\/04\/fotoa-1-e1554242351713-1024x804.jpg 1024w, https:\/\/diarioregionaldigital.com.br\/wp-content\/uploads\/2019\/04\/fotoa-1-e1554242351713-360x283.jpg 360w\" sizes=\"auto, (max-width: 680px) 100vw, 680px\" \/><p id=\"caption-attachment-137287\" class=\"wp-caption-text\">No fino coquetel de lan\u00e7amento outono inverno na loja Jorge Bischoff, a diretoria com Vivian Gribel, Cesar Monteiro, Maisa Martinho, Tayara Di Laurentins e Laura Lima<\/p><\/div>\n<div id=\"attachment_137288\" style=\"width: 690px\" class=\"wp-caption aligncenter\"><img loading=\"lazy\" decoding=\"async\" aria-describedby=\"caption-attachment-137288\" class=\"wp-image-137288\" src=\"https:\/\/diarioregionaldigital.com.br\/wp-content\/uploads\/2019\/04\/fotob-1-e1554242375987.jpg\" alt=\"\" width=\"680\" height=\"503\" srcset=\"https:\/\/diarioregionaldigital.com.br\/wp-content\/uploads\/2019\/04\/fotob-1-e1554242375987.jpg 1176w, https:\/\/diarioregionaldigital.com.br\/wp-content\/uploads\/2019\/04\/fotob-1-e1554242375987-300x222.jpg 300w, https:\/\/diarioregionaldigital.com.br\/wp-content\/uploads\/2019\/04\/fotob-1-e1554242375987-768x568.jpg 768w, https:\/\/diarioregionaldigital.com.br\/wp-content\/uploads\/2019\/04\/fotob-1-e1554242375987-1024x758.jpg 1024w, https:\/\/diarioregionaldigital.com.br\/wp-content\/uploads\/2019\/04\/fotob-1-e1554242375987-360x266.jpg 360w\" sizes=\"auto, (max-width: 680px) 100vw, 680px\" \/><p id=\"caption-attachment-137288\" class=\"wp-caption-text\">Na noite das Personalidades no Aero Planet, Ivy Fernandes e Rosenberg Frizeiro<\/p><\/div>\n<div id=\"attachment_137289\" style=\"width: 690px\" class=\"wp-caption aligncenter\"><img loading=\"lazy\" decoding=\"async\" aria-describedby=\"caption-attachment-137289\" class=\"wp-image-137289\" src=\"https:\/\/diarioregionaldigital.com.br\/wp-content\/uploads\/2019\/04\/fotoc-1.jpg\" alt=\"\" width=\"680\" height=\"453\" srcset=\"https:\/\/diarioregionaldigital.com.br\/wp-content\/uploads\/2019\/04\/fotoc-1.jpg 1763w, https:\/\/diarioregionaldigital.com.br\/wp-content\/uploads\/2019\/04\/fotoc-1-300x200.jpg 300w, https:\/\/diarioregionaldigital.com.br\/wp-content\/uploads\/2019\/04\/fotoc-1-768x512.jpg 768w, https:\/\/diarioregionaldigital.com.br\/wp-content\/uploads\/2019\/04\/fotoc-1-1024x682.jpg 1024w, https:\/\/diarioregionaldigital.com.br\/wp-content\/uploads\/2019\/04\/fotoc-1-360x240.jpg 360w\" sizes=\"auto, (max-width: 680px) 100vw, 680px\" \/><p id=\"caption-attachment-137289\" class=\"wp-caption-text\">Nas grava\u00e7\u00f5es de seu clip, Mc Viny e a bela Isadora Sabino<\/p><\/div>\n<div id=\"attachment_137290\" style=\"width: 690px\" class=\"wp-caption aligncenter\"><img loading=\"lazy\" decoding=\"async\" aria-describedby=\"caption-attachment-137290\" class=\"wp-image-137290\" src=\"https:\/\/diarioregionaldigital.com.br\/wp-content\/uploads\/2019\/04\/fotod-1.jpg\" alt=\"\" width=\"680\" height=\"449\" srcset=\"https:\/\/diarioregionaldigital.com.br\/wp-content\/uploads\/2019\/04\/fotod-1.jpg 1764w, https:\/\/diarioregionaldigital.com.br\/wp-content\/uploads\/2019\/04\/fotod-1-300x198.jpg 300w, https:\/\/diarioregionaldigital.com.br\/wp-content\/uploads\/2019\/04\/fotod-1-768x507.jpg 768w, https:\/\/diarioregionaldigital.com.br\/wp-content\/uploads\/2019\/04\/fotod-1-1024x676.jpg 1024w, https:\/\/diarioregionaldigital.com.br\/wp-content\/uploads\/2019\/04\/fotod-1-1440x950.jpg 1440w, https:\/\/diarioregionaldigital.com.br\/wp-content\/uploads\/2019\/04\/fotod-1-360x238.jpg 360w\" sizes=\"auto, (max-width: 680px) 100vw, 680px\" \/><p id=\"caption-attachment-137290\" class=\"wp-caption-text\">Rafael Kilder promove P\u00e1scoa Solid\u00e1ria e teve apoio de Valdir Junior<\/p><\/div>\n<div id=\"attachment_137291\" style=\"width: 690px\" class=\"wp-caption aligncenter\"><img loading=\"lazy\" decoding=\"async\" aria-describedby=\"caption-attachment-137291\" class=\"wp-image-137291\" src=\"https:\/\/diarioregionaldigital.com.br\/wp-content\/uploads\/2019\/04\/fotoe-e1554242418695.jpg\" alt=\"\" width=\"680\" height=\"537\" srcset=\"https:\/\/diarioregionaldigital.com.br\/wp-content\/uploads\/2019\/04\/fotoe-e1554242418695.jpg 1158w, https:\/\/diarioregionaldigital.com.br\/wp-content\/uploads\/2019\/04\/fotoe-e1554242418695-300x237.jpg 300w, https:\/\/diarioregionaldigital.com.br\/wp-content\/uploads\/2019\/04\/fotoe-e1554242418695-768x606.jpg 768w, https:\/\/diarioregionaldigital.com.br\/wp-content\/uploads\/2019\/04\/fotoe-e1554242418695-1024x808.jpg 1024w, https:\/\/diarioregionaldigital.com.br\/wp-content\/uploads\/2019\/04\/fotoe-e1554242418695-360x284.jpg 360w\" sizes=\"auto, (max-width: 680px) 100vw, 680px\" \/><p id=\"caption-attachment-137291\" class=\"wp-caption-text\">A conceituada m\u00e9dica-nutricionista, Alice Amaral<\/p><\/div>\n<div id=\"attachment_137292\" style=\"width: 690px\" class=\"wp-caption aligncenter\"><img loading=\"lazy\" decoding=\"async\" aria-describedby=\"caption-attachment-137292\" class=\"wp-image-137292\" src=\"https:\/\/diarioregionaldigital.com.br\/wp-content\/uploads\/2019\/04\/fotof-1-e1554242441485.jpg\" alt=\"\" width=\"680\" height=\"571\" srcset=\"https:\/\/diarioregionaldigital.com.br\/wp-content\/uploads\/2019\/04\/fotof-1-e1554242441485.jpg 1170w, https:\/\/diarioregionaldigital.com.br\/wp-content\/uploads\/2019\/04\/fotof-1-e1554242441485-300x252.jpg 300w, https:\/\/diarioregionaldigital.com.br\/wp-content\/uploads\/2019\/04\/fotof-1-e1554242441485-768x645.jpg 768w, https:\/\/diarioregionaldigital.com.br\/wp-content\/uploads\/2019\/04\/fotof-1-e1554242441485-1024x859.jpg 1024w, https:\/\/diarioregionaldigital.com.br\/wp-content\/uploads\/2019\/04\/fotof-1-e1554242441485-360x302.jpg 360w\" sizes=\"auto, (max-width: 680px) 100vw, 680px\" \/><p id=\"caption-attachment-137292\" class=\"wp-caption-text\">Despedindo do ver\u00e3o, o professor e cantor, Alexandre Pereira<\/p><\/div>\n<div id=\"attachment_137293\" style=\"width: 690px\" class=\"wp-caption aligncenter\"><img loading=\"lazy\" decoding=\"async\" aria-describedby=\"caption-attachment-137293\" class=\"wp-image-137293\" src=\"https:\/\/diarioregionaldigital.com.br\/wp-content\/uploads\/2019\/04\/fotog-1-e1554242467387.jpg\" alt=\"\" width=\"680\" height=\"537\" srcset=\"https:\/\/diarioregionaldigital.com.br\/wp-content\/uploads\/2019\/04\/fotog-1-e1554242467387.jpg 1093w, https:\/\/diarioregionaldigital.com.br\/wp-content\/uploads\/2019\/04\/fotog-1-e1554242467387-300x237.jpg 300w, https:\/\/diarioregionaldigital.com.br\/wp-content\/uploads\/2019\/04\/fotog-1-e1554242467387-768x606.jpg 768w, https:\/\/diarioregionaldigital.com.br\/wp-content\/uploads\/2019\/04\/fotog-1-e1554242467387-1024x809.jpg 1024w, https:\/\/diarioregionaldigital.com.br\/wp-content\/uploads\/2019\/04\/fotog-1-e1554242467387-360x284.jpg 360w\" sizes=\"auto, (max-width: 680px) 100vw, 680px\" \/><p id=\"caption-attachment-137293\" class=\"wp-caption-text\">A linda modelo Emiliana C\u00e2ndido com acess\u00f3rios By Candy<\/p><\/div>\n<div id=\"attachment_137294\" style=\"width: 690px\" class=\"wp-caption aligncenter\"><img loading=\"lazy\" decoding=\"async\" aria-describedby=\"caption-attachment-137294\" class=\"wp-image-137294\" src=\"https:\/\/diarioregionaldigital.com.br\/wp-content\/uploads\/2019\/04\/fotoh-1-e1554242487822.jpg\" alt=\"\" width=\"680\" height=\"824\" srcset=\"https:\/\/diarioregionaldigital.com.br\/wp-content\/uploads\/2019\/04\/fotoh-1-e1554242487822.jpg 1168w, https:\/\/diarioregionaldigital.com.br\/wp-content\/uploads\/2019\/04\/fotoh-1-e1554242487822-248x300.jpg 248w, https:\/\/diarioregionaldigital.com.br\/wp-content\/uploads\/2019\/04\/fotoh-1-e1554242487822-768x930.jpg 768w, https:\/\/diarioregionaldigital.com.br\/wp-content\/uploads\/2019\/04\/fotoh-1-e1554242487822-845x1024.jpg 845w, https:\/\/diarioregionaldigital.com.br\/wp-content\/uploads\/2019\/04\/fotoh-1-e1554242487822-360x436.jpg 360w\" sizes=\"auto, (max-width: 680px) 100vw, 680px\" \/><p id=\"caption-attachment-137294\" class=\"wp-caption-text\">Fazendo a linha \u00f3culos escuro, Juliano Horta<\/p><\/div>\n<div id=\"attachment_137295\" style=\"width: 690px\" class=\"wp-caption aligncenter\"><img loading=\"lazy\" decoding=\"async\" aria-describedby=\"caption-attachment-137295\" class=\"wp-image-137295\" src=\"https:\/\/diarioregionaldigital.com.br\/wp-content\/uploads\/2019\/04\/fotoi-1-e1554242520966.jpg\" alt=\"\" width=\"680\" height=\"537\" srcset=\"https:\/\/diarioregionaldigital.com.br\/wp-content\/uploads\/2019\/04\/fotoi-1-e1554242520966.jpg 1164w, https:\/\/diarioregionaldigital.com.br\/wp-content\/uploads\/2019\/04\/fotoi-1-e1554242520966-300x237.jpg 300w, https:\/\/diarioregionaldigital.com.br\/wp-content\/uploads\/2019\/04\/fotoi-1-e1554242520966-768x607.jpg 768w, https:\/\/diarioregionaldigital.com.br\/wp-content\/uploads\/2019\/04\/fotoi-1-e1554242520966-1024x809.jpg 1024w, https:\/\/diarioregionaldigital.com.br\/wp-content\/uploads\/2019\/04\/fotoi-1-e1554242520966-360x285.jpg 360w\" sizes=\"auto, (max-width: 680px) 100vw, 680px\" \/><p id=\"caption-attachment-137295\" class=\"wp-caption-text\">A bomb\u00e1stica Renata Hirshberg, al-mare<\/p><\/div>\n<div id=\"attachment_137296\" style=\"width: 690px\" class=\"wp-caption aligncenter\"><img loading=\"lazy\" decoding=\"async\" aria-describedby=\"caption-attachment-137296\" class=\"wp-image-137296\" src=\"https:\/\/diarioregionaldigital.com.br\/wp-content\/uploads\/2019\/04\/fotoj-e1554242559782.jpg\" alt=\"\" width=\"680\" height=\"539\" srcset=\"https:\/\/diarioregionaldigital.com.br\/wp-content\/uploads\/2019\/04\/fotoj-e1554242559782.jpg 1173w, https:\/\/diarioregionaldigital.com.br\/wp-content\/uploads\/2019\/04\/fotoj-e1554242559782-300x238.jpg 300w, https:\/\/diarioregionaldigital.com.br\/wp-content\/uploads\/2019\/04\/fotoj-e1554242559782-768x608.jpg 768w, https:\/\/diarioregionaldigital.com.br\/wp-content\/uploads\/2019\/04\/fotoj-e1554242559782-1024x811.jpg 1024w, https:\/\/diarioregionaldigital.com.br\/wp-content\/uploads\/2019\/04\/fotoj-e1554242559782-360x285.jpg 360w\" sizes=\"auto, (max-width: 680px) 100vw, 680px\" \/><p id=\"caption-attachment-137296\" class=\"wp-caption-text\">O charme outono jeans com Emerson Moreira<\/p><\/div>\n<p style=\"text-align: center;\"><strong>FOTOSS\u00cdNTESE<\/strong><\/p>\n<p>Vem a\u00ed uma super promo\u00e7\u00e3o deste colunista que vai homenagear as \u201cMulheres e Homens de Ouro\u201d, com Men\u00e7\u00e3o Honrosa. Breve detalhes.<\/p>\n<p>A UFJF divulgou para os dias 30 de novembro e 1\u00ba de dezembro de 2019, as provas do Programa de Ingresso Seletivo Misto (Pism) 2020. A previs\u00e3o \u00e9 que o edital seja divulgado em junho.<br \/>\nO ator Paulo Gustavo e D\u00e9a L\u00facia estar\u00e3o apresentando o espet\u00e1culo Filho da M\u00e3e, dia 27 de abril, \u00e0s 21h, no Terrazzo. Um show de risadas e boa m\u00fasica.<\/p>\n<p>Arthur Guimar\u00e3es e Ana Luisa Marques com Juliano Severo e Larissa Mello dividiam mesa e curtiram os petiscos do Bar Dias, em Santa Terezinha.<br \/>\nBondoso e carism\u00e1tico, Dom Gil Moreira comemorou dez anos \u00e0 frente da Arquidiocese de Juiz de Fora.<\/p>\n<p>Rosenberg Frizeiro, ladeado de modelos da Model Minas, estampa a capa da revista Personalidades, produzida pelo apresentador L\u00e9o Peixoto.<\/p>\n<p>Com potencial de campe\u00e3o e formado nas divis\u00f5es de base do Clube Bom Pastor, o juiz-forano Gabriel Spinelli (15 anos) integra a Sele\u00e7\u00e3o Mineira Sub-17 de v\u00f4lei masculino.<\/p>\n<p>Em boa hora, o Projeto Bem Comum recolheu 350 litros de leite que foram distribu\u00eddos para a Sociedade M\u00e3o Amiga.<\/p>\n<p>Para a crian\u00e7ada surgiu na cidade o Wi-Fi Art\u00edstico Banda Larga de Arte e Cultura para desconectar dos eletr\u00f4nicos. Informa\u00e7\u00f5es: 98866-9895. P\u00fablico alvo: crian\u00e7as e adolescentes de 6 a 14 anos.<\/p>\n<p>Solange Cardoso Campos desfila com novo corte de cabelo produzido no Sal\u00e3o Jael Pifano. Ficou show.<\/p>\n<p>Para saber: A arte est\u00e1 nas m\u00e3os de quem planta e sabe esperar a hora de colher. Bom dia.<\/p>\n<p><img loading=\"lazy\" decoding=\"async\" class=\"aligncenter size-full wp-image-135792\" src=\"https:\/\/diarioregionaldigital.com.br\/wp-content\/uploads\/2019\/03\/Fashion_6x15-nova.jpg\" alt=\"\" width=\"3484\" height=\"1772\" srcset=\"https:\/\/diarioregionaldigital.com.br\/wp-content\/uploads\/2019\/03\/Fashion_6x15-nova.jpg 3484w, https:\/\/diarioregionaldigital.com.br\/wp-content\/uploads\/2019\/03\/Fashion_6x15-nova-300x153.jpg 300w, https:\/\/diarioregionaldigital.com.br\/wp-content\/uploads\/2019\/03\/Fashion_6x15-nova-768x391.jpg 768w, https:\/\/diarioregionaldigital.com.br\/wp-content\/uploads\/2019\/03\/Fashion_6x15-nova-1024x521.jpg 1024w, https:\/\/diarioregionaldigital.com.br\/wp-content\/uploads\/2019\/03\/Fashion_6x15-nova-360x183.jpg 360w\" sizes=\"auto, (max-width: 3484px) 100vw, 3484px\" \/><\/p>\n","protected":false},"excerpt":{"rendered":"<p>Visita Em boa hora, os vereadores que integram a Comiss\u00e3o de Abastecimento, Ind\u00fastria, Com\u00e9rcio, Agropecu\u00e1ria e Defesa do Consumidor da C\u00e2mara Municipal de Juiz de Fora estiveram no Aeroporto Presidente Itamar Franco entre Rio Novo e Goian\u00e1. Eles conheceram a din\u00e2mica de funcionamento do aeroporto e querem divulgar o potencial log\u00edstico para atrair empresas interessadas [&hellip;]<\/p>\n","protected":false},"author":96,"featured_media":137287,"comment_status":"closed","ping_status":"closed","sticky":false,"template":"","format":"standard","meta":{"footnotes":""},"categories":[264],"tags":[],"class_list":["post-137322","post","type-post","status-publish","format-standard","has-post-thumbnail","hentry","category-eduardo-gomes"],"_links":{"self":[{"href":"https:\/\/diarioregionaldigital.com.br\/index.php?rest_route=\/wp\/v2\/posts\/137322","targetHints":{"allow":["GET"]}}],"collection":[{"href":"https:\/\/diarioregionaldigital.com.br\/index.php?rest_route=\/wp\/v2\/posts"}],"about":[{"href":"https:\/\/diarioregionaldigital.com.br\/index.php?rest_route=\/wp\/v2\/types\/post"}],"author":[{"embeddable":true,"href":"https:\/\/diarioregionaldigital.com.br\/index.php?rest_route=\/wp\/v2\/users\/96"}],"replies":[{"embeddable":true,"href":"https:\/\/diarioregionaldigital.com.br\/index.php?rest_route=%2Fwp%2Fv2%2Fcomments&post=137322"}],"version-history":[{"count":0,"href":"https:\/\/diarioregionaldigital.com.br\/index.php?rest_route=\/wp\/v2\/posts\/137322\/revisions"}],"wp:featuredmedia":[{"embeddable":true,"href":"https:\/\/diarioregionaldigital.com.br\/index.php?rest_route=\/wp\/v2\/media\/137287"}],"wp:attachment":[{"href":"https:\/\/diarioregionaldigital.com.br\/index.php?rest_route=%2Fwp%2Fv2%2Fmedia&parent=137322"}],"wp:term":[{"taxonomy":"category","embeddable":true,"href":"https:\/\/diarioregionaldigital.com.br\/index.php?rest_route=%2Fwp%2Fv2%2Fcategories&post=137322"},{"taxonomy":"post_tag","embeddable":true,"href":"https:\/\/diarioregionaldigital.com.br\/index.php?rest_route=%2Fwp%2Fv2%2Ftags&post=137322"}],"curies":[{"name":"wp","href":"https:\/\/api.w.org\/{rel}","templated":true}]}}