{"id":137318,"date":"2019-04-03T06:00:40","date_gmt":"2019-04-03T09:00:40","guid":{"rendered":"https:\/\/diarioregionaldigital.com.br\/?p=137318"},"modified":"2019-04-03T13:44:53","modified_gmt":"2019-04-03T16:44:53","slug":"associacoes-recebem-doacoes-de-chocolates-para-producao-de-ovos-de-pascoa-para-criancas","status":"publish","type":"post","link":"https:\/\/diarioregionaldigital.com.br\/?p=137318","title":{"rendered":"Associa\u00e7\u00f5es recebem doa\u00e7\u00f5es de chocolates para produ\u00e7\u00e3o de ovos de p\u00e1scoa para crian\u00e7as"},"content":{"rendered":"<p>Associa\u00e7\u00f5es beneficentes de Juiz de Fora recebem doa\u00e7\u00f5es de chocolates para confeccionar ovos de p\u00e1scoa e levar essa tradi\u00e7\u00e3o milenar para crian\u00e7as e adolescentes com vulnerabilidade social.<\/p>\n<p>Este \u00e9 o 15\u00ba ano que a Sociedade Beneficente M\u00e3o Amiga realiza este tipo de a\u00e7\u00e3o. Pode ser doado barras de chocolates e materiais necess\u00e1rios para a produ\u00e7\u00e3o dos ovos. Segundo Maria Aparecida de Souza, presidente e fundadora da Sociedade M\u00e3o Amiga, neste ano 196 crian\u00e7as est\u00e3o cadastradas neste projeto.<\/p>\n<p>A associa\u00e7\u00e3o M\u00e3o Amiga est\u00e1 recebendo as doa\u00e7\u00f5es at\u00e9 o dia 15 para que possam ter tempo h\u00e1bil para a produ\u00e7\u00e3o dos ovos. Os interessados em ajudar podem entra em contato pelo telefone 032 3234-7091 ou pelo 032 9 8865-7295.<\/p>\n<div id=\"attachment_137320\" style=\"width: 525px\" class=\"wp-caption aligncenter\"><img loading=\"lazy\" decoding=\"async\" aria-describedby=\"caption-attachment-137320\" class=\" wp-image-137320\" src=\"https:\/\/diarioregionaldigital.com.br\/wp-content\/uploads\/2019\/04\/01-300x200.jpg\" alt=\"\" width=\"515\" height=\"343\" srcset=\"https:\/\/diarioregionaldigital.com.br\/wp-content\/uploads\/2019\/04\/01-300x200.jpg 300w, https:\/\/diarioregionaldigital.com.br\/wp-content\/uploads\/2019\/04\/01-768x512.jpg 768w, https:\/\/diarioregionaldigital.com.br\/wp-content\/uploads\/2019\/04\/01-1024x683.jpg 1024w, https:\/\/diarioregionaldigital.com.br\/wp-content\/uploads\/2019\/04\/01-360x240.jpg 360w\" sizes=\"auto, (max-width: 515px) 100vw, 515px\" \/><p id=\"caption-attachment-137320\" class=\"wp-caption-text\">Foto: Rafaela Frutuoso<\/p><\/div>\n<p>Para a Sociedade S\u00e3o Vicente de Paulo, este \u00e9 o terceiro ano de campanha. A associa\u00e7\u00e3o, que atende crian\u00e7as de diversos bairros da cidade, distribuiu no ano passado 630 ovos, neste ano a meta \u00e9 de produzir 800 ovos. A institui\u00e7\u00e3o est\u00e1 aceitando doa\u00e7\u00f5es de barras de chocolate e de pessoas que possam contribuir com a m\u00e3e de obra.<\/p>\n<p>Devido o n\u00famero de ovos ser grande a produ\u00e7\u00e3o foi descentralizada em diversos p\u00f3los que est\u00e3o espalhados pela cidade.Os interessados em contribuir podem entrar em contato atrav\u00e9s do telefone 032 3311-1950.<\/p>\n<p>A Sociedade S\u00e3o Vicente de Paulo pede que as doa\u00e7\u00f5es sejam realizadas at\u00e9 o dia 12 de abril, para que possam produzir os ovos e distribuir no domingo de p\u00e1scoa, 21.<\/p>\n<p>&nbsp;<\/p>\n<p>&nbsp;<\/p>\n<p>&nbsp;<\/p>\n","protected":false},"excerpt":{"rendered":"<p>Associa\u00e7\u00f5es beneficentes de Juiz de Fora recebem doa\u00e7\u00f5es de chocolates para confeccionar ovos de p\u00e1scoa e levar essa tradi\u00e7\u00e3o milenar para crian\u00e7as e adolescentes com vulnerabilidade social. Este \u00e9 o 15\u00ba ano que a Sociedade Beneficente M\u00e3o Amiga realiza este tipo de a\u00e7\u00e3o. Pode ser doado barras de chocolates e materiais necess\u00e1rios para a produ\u00e7\u00e3o [&hellip;]<\/p>\n","protected":false},"author":96,"featured_media":137319,"comment_status":"closed","ping_status":"closed","sticky":false,"template":"","format":"standard","meta":{"footnotes":""},"categories":[253,436,440,439],"tags":[],"class_list":["post-137318","post","type-post","status-publish","format-standard","has-post-thumbnail","hentry","category-cidade","category-destaque-da-semana","category-destaques-do-dia","category-ultima-hora"],"_links":{"self":[{"href":"https:\/\/diarioregionaldigital.com.br\/index.php?rest_route=\/wp\/v2\/posts\/137318","targetHints":{"allow":["GET"]}}],"collection":[{"href":"https:\/\/diarioregionaldigital.com.br\/index.php?rest_route=\/wp\/v2\/posts"}],"about":[{"href":"https:\/\/diarioregionaldigital.com.br\/index.php?rest_route=\/wp\/v2\/types\/post"}],"author":[{"embeddable":true,"href":"https:\/\/diarioregionaldigital.com.br\/index.php?rest_route=\/wp\/v2\/users\/96"}],"replies":[{"embeddable":true,"href":"https:\/\/diarioregionaldigital.com.br\/index.php?rest_route=%2Fwp%2Fv2%2Fcomments&post=137318"}],"version-history":[{"count":0,"href":"https:\/\/diarioregionaldigital.com.br\/index.php?rest_route=\/wp\/v2\/posts\/137318\/revisions"}],"wp:featuredmedia":[{"embeddable":true,"href":"https:\/\/diarioregionaldigital.com.br\/index.php?rest_route=\/wp\/v2\/media\/137319"}],"wp:attachment":[{"href":"https:\/\/diarioregionaldigital.com.br\/index.php?rest_route=%2Fwp%2Fv2%2Fmedia&parent=137318"}],"wp:term":[{"taxonomy":"category","embeddable":true,"href":"https:\/\/diarioregionaldigital.com.br\/index.php?rest_route=%2Fwp%2Fv2%2Fcategories&post=137318"},{"taxonomy":"post_tag","embeddable":true,"href":"https:\/\/diarioregionaldigital.com.br\/index.php?rest_route=%2Fwp%2Fv2%2Ftags&post=137318"}],"curies":[{"name":"wp","href":"https:\/\/api.w.org\/{rel}","templated":true}]}}