{"id":137315,"date":"2019-04-02T18:43:09","date_gmt":"2019-04-02T21:43:09","guid":{"rendered":"https:\/\/diarioregionaldigital.com.br\/?p=137315"},"modified":"2019-04-02T18:43:09","modified_gmt":"2019-04-02T21:43:09","slug":"vagas-para-casamento-comunitario-se-esgotam-no-primeiro-dia-e-pjf-cadastra-excedentes","status":"publish","type":"post","link":"https:\/\/diarioregionaldigital.com.br\/?p=137315","title":{"rendered":"Vagas para casamento comunit\u00e1rio se esgotam no primeiro dia e PJF cadastra excedentes"},"content":{"rendered":"<p>Foram preenchidas nesta ter\u00e7a-feira, 2, as 169 vagas para a edi\u00e7\u00e3o de 2019 do projeto \u201cBem Casados\u201d, promovido pela Prefeitura de Juiz de Fora (PJF). Logo pela manh\u00e3, mais de cem casais j\u00e1 haviam garantido inscri\u00e7\u00e3o. \u00c0 tarde, as demais vagas foram ocupadas. Os casais seguintes est\u00e3o sendo cadastrados como excedentes para o preenchimento de eventuais desist\u00eancias. As inscri\u00e7\u00f5es de excedentes seguem nesta quarta-feira, 3, at\u00e9 que os 50 cadastros extras se esgotem. O projeto \u00e9 desenvolvido pela Prefeitura de Juiz de Fora (PJF), atrav\u00e9s da Casa da Mulher, \u00f3rg\u00e3o da Secretaria de Governo (SG).<\/p>\n<p>Os casais inscritos ter\u00e3o direito a casamento civil no cart\u00f3rio e cerim\u00f4nia, cuja data e local ser\u00e3o informados posteriormente aos que forem selecionados. Cada inscrito recebeu um cart\u00e3o com a data e o hor\u00e1rio em que dever\u00e1 ser entregue, na Escola de Governo Municipal, a documenta\u00e7\u00e3o do casal exigida no edital. No ato da inscri\u00e7\u00e3o, os c\u00f4njuges receberam, tamb\u00e9m, um envelope com c\u00f3pia do edital e a listagem dos documentos necess\u00e1rios. Outros poder\u00e3o ser solicitados para atender determina\u00e7\u00e3o do Cart\u00f3rio de Registro Civil das Pessoas Naturais. Para outras d\u00favidas sobre o Casamento Comunit\u00e1rio, o telefone da Casa da Mulher \u00e9 o 3690-7292.<\/p>\n<p>Fonte: PJF<\/p>\n","protected":false},"excerpt":{"rendered":"<p>Foram preenchidas nesta ter\u00e7a-feira, 2, as 169 vagas para a edi\u00e7\u00e3o de 2019 do projeto \u201cBem Casados\u201d, promovido pela Prefeitura de Juiz de Fora (PJF). Logo pela manh\u00e3, mais de cem casais j\u00e1 haviam garantido inscri\u00e7\u00e3o. \u00c0 tarde, as demais vagas foram ocupadas. Os casais seguintes est\u00e3o sendo cadastrados como excedentes para o preenchimento de [&hellip;]<\/p>\n","protected":false},"author":96,"featured_media":137316,"comment_status":"closed","ping_status":"closed","sticky":false,"template":"","format":"standard","meta":{"footnotes":""},"categories":[253,436,439],"tags":[],"class_list":["post-137315","post","type-post","status-publish","format-standard","has-post-thumbnail","hentry","category-cidade","category-destaque-da-semana","category-ultima-hora"],"_links":{"self":[{"href":"https:\/\/diarioregionaldigital.com.br\/index.php?rest_route=\/wp\/v2\/posts\/137315","targetHints":{"allow":["GET"]}}],"collection":[{"href":"https:\/\/diarioregionaldigital.com.br\/index.php?rest_route=\/wp\/v2\/posts"}],"about":[{"href":"https:\/\/diarioregionaldigital.com.br\/index.php?rest_route=\/wp\/v2\/types\/post"}],"author":[{"embeddable":true,"href":"https:\/\/diarioregionaldigital.com.br\/index.php?rest_route=\/wp\/v2\/users\/96"}],"replies":[{"embeddable":true,"href":"https:\/\/diarioregionaldigital.com.br\/index.php?rest_route=%2Fwp%2Fv2%2Fcomments&post=137315"}],"version-history":[{"count":0,"href":"https:\/\/diarioregionaldigital.com.br\/index.php?rest_route=\/wp\/v2\/posts\/137315\/revisions"}],"wp:featuredmedia":[{"embeddable":true,"href":"https:\/\/diarioregionaldigital.com.br\/index.php?rest_route=\/wp\/v2\/media\/137316"}],"wp:attachment":[{"href":"https:\/\/diarioregionaldigital.com.br\/index.php?rest_route=%2Fwp%2Fv2%2Fmedia&parent=137315"}],"wp:term":[{"taxonomy":"category","embeddable":true,"href":"https:\/\/diarioregionaldigital.com.br\/index.php?rest_route=%2Fwp%2Fv2%2Fcategories&post=137315"},{"taxonomy":"post_tag","embeddable":true,"href":"https:\/\/diarioregionaldigital.com.br\/index.php?rest_route=%2Fwp%2Fv2%2Ftags&post=137315"}],"curies":[{"name":"wp","href":"https:\/\/api.w.org\/{rel}","templated":true}]}}