{"id":137312,"date":"2019-04-02T18:36:35","date_gmt":"2019-04-02T21:36:35","guid":{"rendered":"https:\/\/diarioregionaldigital.com.br\/?p=137312"},"modified":"2019-04-02T18:36:35","modified_gmt":"2019-04-02T21:36:35","slug":"juri-de-santos-dumont-condena-pintor-por-morte-de-jovem","status":"publish","type":"post","link":"https:\/\/diarioregionaldigital.com.br\/?p=137312","title":{"rendered":"J\u00fari de Santos Dumont condena pintor por morte de jovem"},"content":{"rendered":"<p>O Tribunal do J\u00fari da Comarca de Santos Dumont condenou o pintor, E. M. V., pelo estupro e homic\u00eddio qualificado de uma adolescente de 16 anos. A pena, de 28 anos de reclus\u00e3o, 7 meses de deten\u00e7\u00e3o e 100 dias multa, foi arbitrada pelo juiz Marcelo Alexandre do Valle Thomaz, da 1\u00aa Vara C\u00edvel, Criminal e de Execu\u00e7\u00f5es Criminais.<\/p>\n<p>O Minist\u00e9rio P\u00fablico denunciou o r\u00e9u por estupro, homic\u00eddio qualificado (de forma dissimulada, dificultando ou impossibilitando a defesa da v\u00edtima e para assegurar a impunidade de outro crime), oculta\u00e7\u00e3o de cad\u00e1ver, coa\u00e7\u00e3o no curso do processo e fraude processual.<\/p>\n<p>Segundo o \u00f3rg\u00e3o, em 21 de dezembro de 2017, o denunciado estuprou e matou a v\u00edtima M.C.M.C. e escondeu o corpo nas margens da estrada que d\u00e1 acesso \u00e0 localidade de Pito Aceso, na zona rural do munic\u00edpio de Oliveira Fortes.<\/p>\n<p>Durante o inqu\u00e9rito policial, em 8 de janeiro de 2018, o acusado ainda espancou e amea\u00e7ou uma testemunha, pressionando-a a n\u00e3o revelar informa\u00e7\u00f5es que levassem \u00e0 identifica\u00e7\u00e3o do agressor como autor dos crimes.<\/p>\n<p>Al\u00e9m disso, o Minist\u00e9rio P\u00fablico sustentou que o r\u00e9u procurou destruir provas, levando seu carro a um lava-jato para apagar vest\u00edgios de sangue que poderiam incrimin\u00e1-lo, a fim de induzir a erro o juiz ou o perito em processo criminal. O fato chamou a aten\u00e7\u00e3o do propriet\u00e1rio do estabelecimento, que tirou fotos do ve\u00edculo antes da lavagem e comunicou suas suspeitas \u00e0 pol\u00edcia.<\/p>\n<p>O julgamento ocorreu na sexta-feira, 29 de mar\u00e7o.<\/p>\n<p>&nbsp;<\/p>\n<p><strong>Personalidade deturpada<\/strong><\/p>\n<p>A pris\u00e3o preventiva do r\u00e9u foi decretada em mar\u00e7o de 2018. A den\u00fancia foi recebida tr\u00eas meses depois, em maio, e em setembro do mesmo ano o juiz Marcelo Thomaz pronunciou o r\u00e9u, por considerar que os fatos deveriam ser examinados por um j\u00fari popular.<\/p>\n<p>Diante do reconhecimento da culpa pelo conselho de senten\u00e7a, o magistrado arbitrou a pena. Ele considerou a personalidadedeturpada do agressor, que manteve o costume de assediar meninas mesmo ap\u00f3s a morte de M., e negou ao r\u00e9u o direito de recorrer em liberdade.<\/p>\n<p>&nbsp;<\/p>\n<p>Fonte: TJMG<\/p>\n","protected":false},"excerpt":{"rendered":"<p>O Tribunal do J\u00fari da Comarca de Santos Dumont condenou o pintor, E. M. V., pelo estupro e homic\u00eddio qualificado de uma adolescente de 16 anos. A pena, de 28 anos de reclus\u00e3o, 7 meses de deten\u00e7\u00e3o e 100 dias multa, foi arbitrada pelo juiz Marcelo Alexandre do Valle Thomaz, da 1\u00aa Vara C\u00edvel, Criminal [&hellip;]<\/p>\n","protected":false},"author":96,"featured_media":137313,"comment_status":"closed","ping_status":"closed","sticky":false,"template":"","format":"standard","meta":{"footnotes":""},"categories":[436,252,439],"tags":[],"class_list":["post-137312","post","type-post","status-publish","format-standard","has-post-thumbnail","hentry","category-destaque-da-semana","category-regiao","category-ultima-hora"],"_links":{"self":[{"href":"https:\/\/diarioregionaldigital.com.br\/index.php?rest_route=\/wp\/v2\/posts\/137312","targetHints":{"allow":["GET"]}}],"collection":[{"href":"https:\/\/diarioregionaldigital.com.br\/index.php?rest_route=\/wp\/v2\/posts"}],"about":[{"href":"https:\/\/diarioregionaldigital.com.br\/index.php?rest_route=\/wp\/v2\/types\/post"}],"author":[{"embeddable":true,"href":"https:\/\/diarioregionaldigital.com.br\/index.php?rest_route=\/wp\/v2\/users\/96"}],"replies":[{"embeddable":true,"href":"https:\/\/diarioregionaldigital.com.br\/index.php?rest_route=%2Fwp%2Fv2%2Fcomments&post=137312"}],"version-history":[{"count":0,"href":"https:\/\/diarioregionaldigital.com.br\/index.php?rest_route=\/wp\/v2\/posts\/137312\/revisions"}],"wp:featuredmedia":[{"embeddable":true,"href":"https:\/\/diarioregionaldigital.com.br\/index.php?rest_route=\/wp\/v2\/media\/137313"}],"wp:attachment":[{"href":"https:\/\/diarioregionaldigital.com.br\/index.php?rest_route=%2Fwp%2Fv2%2Fmedia&parent=137312"}],"wp:term":[{"taxonomy":"category","embeddable":true,"href":"https:\/\/diarioregionaldigital.com.br\/index.php?rest_route=%2Fwp%2Fv2%2Fcategories&post=137312"},{"taxonomy":"post_tag","embeddable":true,"href":"https:\/\/diarioregionaldigital.com.br\/index.php?rest_route=%2Fwp%2Fv2%2Ftags&post=137312"}],"curies":[{"name":"wp","href":"https:\/\/api.w.org\/{rel}","templated":true}]}}