{"id":137307,"date":"2019-04-02T18:21:39","date_gmt":"2019-04-02T21:21:39","guid":{"rendered":"https:\/\/diarioregionaldigital.com.br\/?p=137307"},"modified":"2019-04-02T18:21:39","modified_gmt":"2019-04-02T21:21:39","slug":"brasil-cai-para-27o-lugar-entre-os-maiores-exportadores-do-mundo","status":"publish","type":"post","link":"https:\/\/diarioregionaldigital.com.br\/?p=137307","title":{"rendered":"Brasil cai para 27\u00ba lugar entre os maiores exportadores do mundo"},"content":{"rendered":"<p>O Brasil caiu da 26\u00aa posi\u00e7\u00e3o para o 27\u00ba lugar entre os maiores exportadores do mundo, em 2018, segundo relat\u00f3rio anual divulgado hoje (2) pela Organiza\u00e7\u00e3o Mundial do Com\u00e9rcio (OMC). Entretanto, houve aumento de 10% nas vendas em compara\u00e7\u00e3o a 2017.<\/p>\n<p>No ano passado, as exporta\u00e7\u00f5es chegaram a US$ 239,5 bilh\u00f5es, com aumento de 9,6%. As importa\u00e7\u00f5es cresceram 19,7% ao totalizarem US$ 181,2 bilh\u00f5es. O saldo da\u00a0balan\u00e7a comercial\u00a0em 2018 ficou em US$ 58,3 bilh\u00f5es.<\/p>\n<p>O 26\u00ba lugar foi assumido pelo Vietn\u00e3. O primeiro lugar no\u00a0ranking\u00a0\u00e9 da China, seguida por Estados Unidos e Alemanha. O \u00faltimo lugar \u00e9 da Indon\u00e9sia, em 30\u00ba lugar.<\/p>\n<p>&nbsp;<\/p>\n<p><strong>Com\u00e9rcio mundial<\/strong><\/p>\n<p>Segundo dados preliminares da OMC, o com\u00e9rcio mundial cresceu 3%, em 2018, abaixo do previsto em setembro pela organiza\u00e7\u00e3o (3,9%). O resultado menor que o esperado \u00e9 explicado principalmente por piora no com\u00e9rcio mundial, no quarto trimestre.<\/p>\n<p>Para 2019, a previs\u00e3o \u00e9 crescimento de 2,6% no com\u00e9rcio mundial, em linha com a previs\u00e3o de crescimento do Produto Interno Bruto (PIB), soma de todos os bens e servi\u00e7os produzidos no pa\u00eds, de 2,6%. Em 2020, o com\u00e9rcio mundial deve atingir crescimento de 3%, com previs\u00e3o para o PIB em 2,6%.<\/p>\n<p>&nbsp;<\/p>\n<p>Fonte: Ag\u00eancia Brasil<\/p>\n","protected":false},"excerpt":{"rendered":"<p>O Brasil caiu da 26\u00aa posi\u00e7\u00e3o para o 27\u00ba lugar entre os maiores exportadores do mundo, em 2018, segundo relat\u00f3rio anual divulgado hoje (2) pela Organiza\u00e7\u00e3o Mundial do Com\u00e9rcio (OMC). Entretanto, houve aumento de 10% nas vendas em compara\u00e7\u00e3o a 2017. No ano passado, as exporta\u00e7\u00f5es chegaram a US$ 239,5 bilh\u00f5es, com aumento de 9,6%. [&hellip;]<\/p>\n","protected":false},"author":96,"featured_media":137310,"comment_status":"closed","ping_status":"closed","sticky":false,"template":"","format":"standard","meta":{"footnotes":""},"categories":[436,261,439],"tags":[],"class_list":["post-137307","post","type-post","status-publish","format-standard","has-post-thumbnail","hentry","category-destaque-da-semana","category-economia","category-ultima-hora"],"_links":{"self":[{"href":"https:\/\/diarioregionaldigital.com.br\/index.php?rest_route=\/wp\/v2\/posts\/137307","targetHints":{"allow":["GET"]}}],"collection":[{"href":"https:\/\/diarioregionaldigital.com.br\/index.php?rest_route=\/wp\/v2\/posts"}],"about":[{"href":"https:\/\/diarioregionaldigital.com.br\/index.php?rest_route=\/wp\/v2\/types\/post"}],"author":[{"embeddable":true,"href":"https:\/\/diarioregionaldigital.com.br\/index.php?rest_route=\/wp\/v2\/users\/96"}],"replies":[{"embeddable":true,"href":"https:\/\/diarioregionaldigital.com.br\/index.php?rest_route=%2Fwp%2Fv2%2Fcomments&post=137307"}],"version-history":[{"count":0,"href":"https:\/\/diarioregionaldigital.com.br\/index.php?rest_route=\/wp\/v2\/posts\/137307\/revisions"}],"wp:featuredmedia":[{"embeddable":true,"href":"https:\/\/diarioregionaldigital.com.br\/index.php?rest_route=\/wp\/v2\/media\/137310"}],"wp:attachment":[{"href":"https:\/\/diarioregionaldigital.com.br\/index.php?rest_route=%2Fwp%2Fv2%2Fmedia&parent=137307"}],"wp:term":[{"taxonomy":"category","embeddable":true,"href":"https:\/\/diarioregionaldigital.com.br\/index.php?rest_route=%2Fwp%2Fv2%2Fcategories&post=137307"},{"taxonomy":"post_tag","embeddable":true,"href":"https:\/\/diarioregionaldigital.com.br\/index.php?rest_route=%2Fwp%2Fv2%2Ftags&post=137307"}],"curies":[{"name":"wp","href":"https:\/\/api.w.org\/{rel}","templated":true}]}}