{"id":137303,"date":"2019-04-02T17:15:40","date_gmt":"2019-04-02T20:15:40","guid":{"rendered":"https:\/\/diarioregionaldigital.com.br\/?p=137303"},"modified":"2019-04-02T18:04:02","modified_gmt":"2019-04-02T21:04:02","slug":"15-veiculos-sao-autuados-e-um-removido-durante-fiscalizacao-da-settra","status":"publish","type":"post","link":"https:\/\/diarioregionaldigital.com.br\/?p=137303","title":{"rendered":"15 ve\u00edculos s\u00e3o autuados e um removido durante fiscaliza\u00e7\u00e3o da Settra"},"content":{"rendered":"<p>Os agentes do Departamento de Fiscaliza\u00e7\u00e3o de Transporte e Tr\u00e2nsito (DFTT) da Secretaria de Transporte e Tr\u00e2nsito (Settra) autuaram 15 ve\u00edculos e removeu um por irregularidades durante opera\u00e7\u00e3o de rotina na manh\u00e3 desta ter\u00e7a-feira, 2.<\/p>\n<p>A a\u00e7\u00e3o ocorreu nas ruas S\u00e3o Sebasti\u00e3o, Benjamin Constant e Sampaio, onde o ve\u00edculo foi removido por estar estacionado na marca de canaliza\u00e7\u00e3o e em frente a uma garagem. De acordo com as informa\u00e7\u00f5es, todos os ve\u00edculos autuados estavam irregulares no rotativo pago.<\/p>\n<p>Na \u00faltima sexta-feira, 29, uma opera\u00e7\u00e3o conjunta entre agentes do DFTT da Settra e a Pol\u00edcia Militar (PM) resultou na autua\u00e7\u00e3o de 11 motos, sendo tr\u00eas removidas. A a\u00e7\u00e3o aconteceu na Rua Jarbas de Lery Santos no Centro. No total, oitenta motocicletas foram fiscalizadas.<\/p>\n<p>As motos removidas foram por falta de licenciamento. Das infra\u00e7\u00f5es registradas, uma foi por conduzir ve\u00edculo sem documentos de porte obrigat\u00f3rio, o que, conforme o C\u00f3digo de Tr\u00e2nsito Brasileiro (CTB), \u00e9 falta leve, com perda de tr\u00eas pontos na Carteira Nacional de Habilita\u00e7\u00e3o (CNH) e multa no valor de R$ 88,38; uma por condu\u00e7\u00e3o com CHN vencida, infra\u00e7\u00e3o grav\u00edssima com perda de sete pontos e multa de 293,47; duas por conduzir ve\u00edculo registrado sem licen\u00e7a, tamb\u00e9m grav\u00edssima; tr\u00eas por permitir posse\/condu\u00e7\u00e3o do ve\u00edculo por pessoa sem CNH\/Permiss\u00e3o para Dirigir (PPD)\/ Autoriza\u00e7\u00e3o original para Conduzir Ciclomotor (ACC), tamb\u00e9m grav\u00edssima, por\u00e9m com agravante, passando o valor para 880,41; e outras quatro por dirigir o ve\u00edculo sem CNH\/PPD\/ACC, grav\u00edssima com agravante.<\/p>\n","protected":false},"excerpt":{"rendered":"<p>Os agentes do Departamento de Fiscaliza\u00e7\u00e3o de Transporte e Tr\u00e2nsito (DFTT) da Secretaria de Transporte e Tr\u00e2nsito (Settra) autuaram 15 ve\u00edculos e removeu um por irregularidades durante opera\u00e7\u00e3o de rotina na manh\u00e3 desta ter\u00e7a-feira, 2. A a\u00e7\u00e3o ocorreu nas ruas S\u00e3o Sebasti\u00e3o, Benjamin Constant e Sampaio, onde o ve\u00edculo foi removido por estar estacionado na [&hellip;]<\/p>\n","protected":false},"author":96,"featured_media":137304,"comment_status":"closed","ping_status":"closed","sticky":false,"template":"","format":"standard","meta":{"footnotes":""},"categories":[253,436,440,439],"tags":[],"class_list":["post-137303","post","type-post","status-publish","format-standard","has-post-thumbnail","hentry","category-cidade","category-destaque-da-semana","category-destaques-do-dia","category-ultima-hora"],"_links":{"self":[{"href":"https:\/\/diarioregionaldigital.com.br\/index.php?rest_route=\/wp\/v2\/posts\/137303","targetHints":{"allow":["GET"]}}],"collection":[{"href":"https:\/\/diarioregionaldigital.com.br\/index.php?rest_route=\/wp\/v2\/posts"}],"about":[{"href":"https:\/\/diarioregionaldigital.com.br\/index.php?rest_route=\/wp\/v2\/types\/post"}],"author":[{"embeddable":true,"href":"https:\/\/diarioregionaldigital.com.br\/index.php?rest_route=\/wp\/v2\/users\/96"}],"replies":[{"embeddable":true,"href":"https:\/\/diarioregionaldigital.com.br\/index.php?rest_route=%2Fwp%2Fv2%2Fcomments&post=137303"}],"version-history":[{"count":0,"href":"https:\/\/diarioregionaldigital.com.br\/index.php?rest_route=\/wp\/v2\/posts\/137303\/revisions"}],"wp:featuredmedia":[{"embeddable":true,"href":"https:\/\/diarioregionaldigital.com.br\/index.php?rest_route=\/wp\/v2\/media\/137304"}],"wp:attachment":[{"href":"https:\/\/diarioregionaldigital.com.br\/index.php?rest_route=%2Fwp%2Fv2%2Fmedia&parent=137303"}],"wp:term":[{"taxonomy":"category","embeddable":true,"href":"https:\/\/diarioregionaldigital.com.br\/index.php?rest_route=%2Fwp%2Fv2%2Fcategories&post=137303"},{"taxonomy":"post_tag","embeddable":true,"href":"https:\/\/diarioregionaldigital.com.br\/index.php?rest_route=%2Fwp%2Fv2%2Ftags&post=137303"}],"curies":[{"name":"wp","href":"https:\/\/api.w.org\/{rel}","templated":true}]}}