{"id":137299,"date":"2019-04-02T17:44:30","date_gmt":"2019-04-02T20:44:30","guid":{"rendered":"https:\/\/diarioregionaldigital.com.br\/?p=137299"},"modified":"2019-04-02T17:44:30","modified_gmt":"2019-04-02T20:44:30","slug":"guarda-municipal-prende-jovem-com-drogas-no-centro-de-juiz-de-fora","status":"publish","type":"post","link":"https:\/\/diarioregionaldigital.com.br\/?p=137299","title":{"rendered":"Guarda Municipal prende jovem com drogas no centro de Juiz de Fora"},"content":{"rendered":"<p>Um jovem, 21 anos, foi preso pela Guarda Municipal (GM) na manh\u00e3 desta ter\u00e7a-feira, 2. De acordo com as informa\u00e7\u00f5es, o suspeito tentou fugir da abordagem, mas foi rendido no cal\u00e7ad\u00e3o da Rua Halfeld, pr\u00f3ximo ao Cine-Theatro Central.<\/p>\n<p>Ap\u00f3s a busca pessoal, os agentes encontraram duas barras de maconha e certa quantia de dinheiro com o suspeito. Ele recebeu voz de pris\u00e3o em flagrante por envolvimento com o tr\u00e1fico de drogas e foi encaminhado \u00e0 Delegacia Regional de Pol\u00edcia Civil, no bairro Santa Terezinha, para as demais provid\u00eancias.<\/p>\n<p>De acordo com as informa\u00e7\u00f5es, o autor tem passagens pela pol\u00edcia.<\/p>\n<p><strong>Atua\u00e7\u00e3o da Guarda Municipal<\/strong><\/p>\n<p>Segundo a Guarda Municipal, essa \u00e9 a quinta pris\u00e3o realizada na regi\u00e3o do Parque Halfeld este ano. \u201cA presen\u00e7a da GM na rua tem o objetivo de ampliar a sensa\u00e7\u00e3o de seguran\u00e7a nas \u00e1reas p\u00fablicas e garantir o direito do cidad\u00e3o de fazer uso destes espa\u00e7os\u201d.<\/p>\n","protected":false},"excerpt":{"rendered":"<p>Um jovem, 21 anos, foi preso pela Guarda Municipal (GM) na manh\u00e3 desta ter\u00e7a-feira, 2. De acordo com as informa\u00e7\u00f5es, o suspeito tentou fugir da abordagem, mas foi rendido no cal\u00e7ad\u00e3o da Rua Halfeld, pr\u00f3ximo ao Cine-Theatro Central. Ap\u00f3s a busca pessoal, os agentes encontraram duas barras de maconha e certa quantia de dinheiro com [&hellip;]<\/p>\n","protected":false},"author":96,"featured_media":137300,"comment_status":"closed","ping_status":"closed","sticky":false,"template":"","format":"standard","meta":{"footnotes":""},"categories":[253,436,440,439],"tags":[],"class_list":["post-137299","post","type-post","status-publish","format-standard","has-post-thumbnail","hentry","category-cidade","category-destaque-da-semana","category-destaques-do-dia","category-ultima-hora"],"_links":{"self":[{"href":"https:\/\/diarioregionaldigital.com.br\/index.php?rest_route=\/wp\/v2\/posts\/137299","targetHints":{"allow":["GET"]}}],"collection":[{"href":"https:\/\/diarioregionaldigital.com.br\/index.php?rest_route=\/wp\/v2\/posts"}],"about":[{"href":"https:\/\/diarioregionaldigital.com.br\/index.php?rest_route=\/wp\/v2\/types\/post"}],"author":[{"embeddable":true,"href":"https:\/\/diarioregionaldigital.com.br\/index.php?rest_route=\/wp\/v2\/users\/96"}],"replies":[{"embeddable":true,"href":"https:\/\/diarioregionaldigital.com.br\/index.php?rest_route=%2Fwp%2Fv2%2Fcomments&post=137299"}],"version-history":[{"count":0,"href":"https:\/\/diarioregionaldigital.com.br\/index.php?rest_route=\/wp\/v2\/posts\/137299\/revisions"}],"wp:featuredmedia":[{"embeddable":true,"href":"https:\/\/diarioregionaldigital.com.br\/index.php?rest_route=\/wp\/v2\/media\/137300"}],"wp:attachment":[{"href":"https:\/\/diarioregionaldigital.com.br\/index.php?rest_route=%2Fwp%2Fv2%2Fmedia&parent=137299"}],"wp:term":[{"taxonomy":"category","embeddable":true,"href":"https:\/\/diarioregionaldigital.com.br\/index.php?rest_route=%2Fwp%2Fv2%2Fcategories&post=137299"},{"taxonomy":"post_tag","embeddable":true,"href":"https:\/\/diarioregionaldigital.com.br\/index.php?rest_route=%2Fwp%2Fv2%2Ftags&post=137299"}],"curies":[{"name":"wp","href":"https:\/\/api.w.org\/{rel}","templated":true}]}}