{"id":137284,"date":"2019-04-02T15:22:37","date_gmt":"2019-04-02T18:22:37","guid":{"rendered":"https:\/\/diarioregionaldigital.com.br\/?p=137284"},"modified":"2019-04-02T15:22:37","modified_gmt":"2019-04-02T18:22:37","slug":"governador-de-minas-busca-atrair-investimentos-e-fazer-novas-parcerias-nos-eua","status":"publish","type":"post","link":"https:\/\/diarioregionaldigital.com.br\/?p=137284","title":{"rendered":"Governador de Minas busca atrair investimentos e fazer novas parcerias nos EUA"},"content":{"rendered":"<p>O governador\u00a0Romeu Zema\u00a0vai dar in\u00edcio, nesta semana, a uma intensa agenda de trabalho nos Estados Unidos, com o objetivo de viabilizar novos neg\u00f3cios para Minas Gerais. A partir da pr\u00f3xima sexta-feira , 5, ele vai cumprir agenda em tr\u00eas cidades dos Estados Unidos, tendo como foco a atra\u00e7\u00e3o de investimentos para o Estado nos principais polos de tecnologia e do mercado financeiro mundial, com vistas a gerar emprego e renda para a popula\u00e7\u00e3o mineira. Tamb\u00e9m est\u00e1 entre as metas do governador construir parcerias com governos de outros pa\u00edses e com empresas de v\u00e1rias partes do mundo, al\u00e9m de expandir a imagem do Estado diante do mercado internacional e conduzir trocas de experi\u00eancias com gestores p\u00fablicos e empreendedores.<\/p>\n<p>O governador Romeu Zema \u00e9 um dos l\u00edderes convidados a participar de tr\u00eas dos mais importantes eventos sobre inova\u00e7\u00e3o, intera\u00e7\u00e3o intergovernamental e instrumentos de competitividade no meio p\u00fablico do mundo: a Brazil Conference at Harvard &amp; MIT, em Boston, Massachusetts; a Brazil at Silicon Valley, no Vale do Sil\u00edcio, na Calif\u00f3rnia; e a XP Investments Conference Brazil: First 100 Days, em Nova York.<\/p>\n<p>A Brazil Conference at Harvard &amp; MIT \u00e9 promovida, entre os dias 5 e 7\/4, por empreendedores residentes em Boston, no Estado de Massachusetts, com objetivo de viabilizar encontros entre gestores brasileiros e representantes da \u00e1rea da inova\u00e7\u00e3o tecnol\u00f3gica. J\u00e1 a Brazil at Silicon Valley ocorrer\u00e1 na Universidade de Stanford, na Calif\u00f3rnia, nos dias 8 e 9\/4, tamb\u00e9m organizada por pesquisadores, estudantes e empreendedores, e visa discutir meios de aplica\u00e7\u00e3o, nas pol\u00edticas p\u00fablicas, das diversas inova\u00e7\u00f5es que v\u00eam sendo desenvolvidas atualmente num dos principais polos tecnol\u00f3gicos do mundo. Nos arredores da universidade est\u00e3o sedes de empresas como Apple e Google, por exemplo. Por fim, a Investments Conference Brazil: First 100 Days reunir\u00e1, em Nova Iorque, nos dias 10 e 11\/4, especialistas e gestores para o debate de ideias que possam diversificar a economia dos poderes p\u00fablicos, atrav\u00e9s da atra\u00e7\u00e3o de novos neg\u00f3cios.<\/p>\n<p>Os tr\u00eas encontros reunir\u00e3o representantes de outros estados do pa\u00eds, do governo federal, al\u00e9m de alguns dos mais renomados especialistas internacionais nas \u00e1reas de inova\u00e7\u00e3o e gest\u00e3o p\u00fablica. A mensagem do governador Romeu Zema, em que comunica aos deputados estaduais sobre essas agendas internacionais para viabilizar novos investimentos, foi encaminhada nesta segunda-feira, 1, \u00e0 Assembleia Legislativa de Minas Gerais, e ser\u00e1 lida em plen\u00e1rio, conforme os tr\u00e2mites da Casa.<\/p>\n<p>&nbsp;<\/p>\n<p>Fonte: Ag\u00eancia Minas Gerais<\/p>\n","protected":false},"excerpt":{"rendered":"<p>O governador\u00a0Romeu Zema\u00a0vai dar in\u00edcio, nesta semana, a uma intensa agenda de trabalho nos Estados Unidos, com o objetivo de viabilizar novos neg\u00f3cios para Minas Gerais. A partir da pr\u00f3xima sexta-feira , 5, ele vai cumprir agenda em tr\u00eas cidades dos Estados Unidos, tendo como foco a atra\u00e7\u00e3o de investimentos para o Estado nos principais [&hellip;]<\/p>\n","protected":false},"author":96,"featured_media":137285,"comment_status":"closed","ping_status":"closed","sticky":false,"template":"","format":"standard","meta":{"footnotes":""},"categories":[436,261,262,439],"tags":[],"class_list":["post-137284","post","type-post","status-publish","format-standard","has-post-thumbnail","hentry","category-destaque-da-semana","category-economia","category-noticias","category-ultima-hora"],"_links":{"self":[{"href":"https:\/\/diarioregionaldigital.com.br\/index.php?rest_route=\/wp\/v2\/posts\/137284","targetHints":{"allow":["GET"]}}],"collection":[{"href":"https:\/\/diarioregionaldigital.com.br\/index.php?rest_route=\/wp\/v2\/posts"}],"about":[{"href":"https:\/\/diarioregionaldigital.com.br\/index.php?rest_route=\/wp\/v2\/types\/post"}],"author":[{"embeddable":true,"href":"https:\/\/diarioregionaldigital.com.br\/index.php?rest_route=\/wp\/v2\/users\/96"}],"replies":[{"embeddable":true,"href":"https:\/\/diarioregionaldigital.com.br\/index.php?rest_route=%2Fwp%2Fv2%2Fcomments&post=137284"}],"version-history":[{"count":0,"href":"https:\/\/diarioregionaldigital.com.br\/index.php?rest_route=\/wp\/v2\/posts\/137284\/revisions"}],"wp:featuredmedia":[{"embeddable":true,"href":"https:\/\/diarioregionaldigital.com.br\/index.php?rest_route=\/wp\/v2\/media\/137285"}],"wp:attachment":[{"href":"https:\/\/diarioregionaldigital.com.br\/index.php?rest_route=%2Fwp%2Fv2%2Fmedia&parent=137284"}],"wp:term":[{"taxonomy":"category","embeddable":true,"href":"https:\/\/diarioregionaldigital.com.br\/index.php?rest_route=%2Fwp%2Fv2%2Fcategories&post=137284"},{"taxonomy":"post_tag","embeddable":true,"href":"https:\/\/diarioregionaldigital.com.br\/index.php?rest_route=%2Fwp%2Fv2%2Ftags&post=137284"}],"curies":[{"name":"wp","href":"https:\/\/api.w.org\/{rel}","templated":true}]}}