{"id":137281,"date":"2019-04-02T15:13:31","date_gmt":"2019-04-02T18:13:31","guid":{"rendered":"https:\/\/diarioregionaldigital.com.br\/?p=137281"},"modified":"2019-04-02T15:13:31","modified_gmt":"2019-04-02T18:13:31","slug":"autismo-desinformacao-e-mitos-alimentam-preconceito","status":"publish","type":"post","link":"https:\/\/diarioregionaldigital.com.br\/?p=137281","title":{"rendered":"Autismo: desinforma\u00e7\u00e3o e mitos alimentam preconceito"},"content":{"rendered":"<p>Muitas pessoas ainda acreditam que o autismo representa uma esp\u00e9cie de condena\u00e7\u00e3o sem volta e que o diagn\u00f3stico significa uma vida sem oportunidades \u2013 e \u00e9 exatamente esse tipo de desinforma\u00e7\u00e3o e mito que alimenta o preconceito. A avalia\u00e7\u00e3o \u00e9 do pediatra e neurologista infantil, Clay Brites.<\/p>\n<p>Para o especialista, o Dia Mundial da Conscientiza\u00e7\u00e3o sobre o Autismo, lembrado nesta ter\u00e7a-feira, 2, ajuda a sociedade a refletir melhor acerca dos avan\u00e7os e, principalmente, do que ainda precisa melhorar para dar suporte amplo e transdisciplinar e esse grupo de pessoas e suas fam\u00edlias. A data \u00e9 reconhecida pela Organiza\u00e7\u00e3o Mundial da Sa\u00fade (OMS).<\/p>\n<p>\u201cMuitos casos s\u00e3o severos e passam essa impress\u00e3o mesmo, mas a maioria, n\u00e3o. Ainda vemos muitos casos graves, inclusive, porque estamos assistindo a uma gera\u00e7\u00e3o passada, em que o diagn\u00f3stico foi tardio. Espero que, com as informa\u00e7\u00f5es recentes, a nova gera\u00e7\u00e3o tenha outra evolu\u00e7\u00e3o, bem mais satisfat\u00f3ria, e derrube muitos mitos.\u201d<\/p>\n<p>Em entrevista \u00e0\u00a0<strong>Ag\u00eancia Brasil<\/strong>, Brites lembrou que o transtorno atinge 1% das crian\u00e7as no mundo e leva a preju\u00edzos na percep\u00e7\u00e3o e na capacidade de intera\u00e7\u00e3o social adequada. Isso faz com que a crian\u00e7a com autismo perca boa parte da capacidade de interagir socialmente de forma construtiva, coerente, com reciprocidade, aten\u00e7\u00e3o concentrada e compartilhada.<\/p>\n<p>O autismo, segundo o pediatra, tamb\u00e9m pode levar a comportamentos repetitivos e interesses excessivamente restritos a determinados objetos, contextos e at\u00e9 pessoas. A crian\u00e7a diagnosticada geralmente n\u00e3o apresenta bom contato visual, n\u00e3o olha nos olhos e tem dificuldade para perceber mudan\u00e7as de comportamento de grupos e de ambientes.<\/p>\n<p>\u201cEssas crian\u00e7as costumam ter rea\u00e7\u00f5es corporais anormais frente a situa\u00e7\u00f5es emocionais ou induzidas pelo grupo como, por exemplo, movimentos de m\u00e3os repetitivos. Elas t\u00eam muita dificuldade em conversar, s\u00f3 falam aquilo que lhes interessa \u2013 qualquer coisa induzida por terceiros ela simplesmente ignora, n\u00e3o d\u00e1 continuidade.\u201d<\/p>\n<p>\u201cElas t\u00eam uma hiper prefer\u00eancia por objetos, t\u00eam dist\u00farbios de sensibilidade, costumam ter medos inexplic\u00e1veis ou desproporcionais ao que est\u00e1 acontecendo\u201d, acrescentou.<\/p>\n<p>Os sintomas come\u00e7am a aparecer nos primeiros tr\u00eas anos de vida e o ideal \u00e9 que o diagn\u00f3stico seja feito o quanto antes, abrindo caminho para modelos de interven\u00e7\u00e3o comportamentais ou desenvolvimentais \u2013 de prefer\u00eancia, abordagens que tenham fundamenta\u00e7\u00e3o cientifica e um grande n\u00famero de pesquisa com amostragem populacional significativa.<\/p>\n<p>\u201cA import\u00e2ncia est\u00e1 em ajud\u00e1-los a adquirir compet\u00eancias suficientes e a tempo de poderem ser mais funcionais e socialmente melhores adaptados nos anos mais dif\u00edceis que se seguir\u00e3o, ao adentrarem na escola ou no trabalho.\u00a0 Nesse processo, a interven\u00e7\u00e3o precoce e a oportunidade de oferecer os melhores modelos auxilia na preserva\u00e7\u00e3o ou at\u00e9 no ganho de capacidade intelectual e de linguagem social verbal e n\u00e3o verbal.\u201d<\/p>\n<h2>Livro<\/h2>\n<p>Clay Brites e a esposa, a psicopedagoga Luciana Brites, s\u00e3o autores do livro Mentes \u00danicas. A proposta \u00e9 colocar \u00e0 disposi\u00e7\u00e3o informa\u00e7\u00f5es que ajudem a nortear a fam\u00edlia, a escola, os profissionais e as inst\u00e2ncias de gest\u00e3o e de Justi\u00e7a sobre como proceder com pessoas com autismo.<\/p>\n<p>Com linguagem acess\u00edvel, a publica\u00e7\u00e3o, segundo ele, mostra que o autismo, ao contr\u00e1rio do que muito pensam, n\u00e3o \u00e9 o fim de tudo e que, apesar de todas as dificuldades, o conhecimento \u00e9 fator fundamental para que crian\u00e7as dentro do espectro tornem-se seres humanos realizados dentro de suas particularidades.<\/p>\n<p>&nbsp;<\/p>\n<p>Fonte: Ag\u00eancia<\/p>\n","protected":false},"excerpt":{"rendered":"<p>Muitas pessoas ainda acreditam que o autismo representa uma esp\u00e9cie de condena\u00e7\u00e3o sem volta e que o diagn\u00f3stico significa uma vida sem oportunidades \u2013 e \u00e9 exatamente esse tipo de desinforma\u00e7\u00e3o e mito que alimenta o preconceito. A avalia\u00e7\u00e3o \u00e9 do pediatra e neurologista infantil, Clay Brites. Para o especialista, o Dia Mundial da Conscientiza\u00e7\u00e3o [&hellip;]<\/p>\n","protected":false},"author":96,"featured_media":137282,"comment_status":"closed","ping_status":"closed","sticky":false,"template":"","format":"standard","meta":{"footnotes":""},"categories":[436,262,439],"tags":[],"class_list":["post-137281","post","type-post","status-publish","format-standard","has-post-thumbnail","hentry","category-destaque-da-semana","category-noticias","category-ultima-hora"],"_links":{"self":[{"href":"https:\/\/diarioregionaldigital.com.br\/index.php?rest_route=\/wp\/v2\/posts\/137281","targetHints":{"allow":["GET"]}}],"collection":[{"href":"https:\/\/diarioregionaldigital.com.br\/index.php?rest_route=\/wp\/v2\/posts"}],"about":[{"href":"https:\/\/diarioregionaldigital.com.br\/index.php?rest_route=\/wp\/v2\/types\/post"}],"author":[{"embeddable":true,"href":"https:\/\/diarioregionaldigital.com.br\/index.php?rest_route=\/wp\/v2\/users\/96"}],"replies":[{"embeddable":true,"href":"https:\/\/diarioregionaldigital.com.br\/index.php?rest_route=%2Fwp%2Fv2%2Fcomments&post=137281"}],"version-history":[{"count":0,"href":"https:\/\/diarioregionaldigital.com.br\/index.php?rest_route=\/wp\/v2\/posts\/137281\/revisions"}],"wp:featuredmedia":[{"embeddable":true,"href":"https:\/\/diarioregionaldigital.com.br\/index.php?rest_route=\/wp\/v2\/media\/137282"}],"wp:attachment":[{"href":"https:\/\/diarioregionaldigital.com.br\/index.php?rest_route=%2Fwp%2Fv2%2Fmedia&parent=137281"}],"wp:term":[{"taxonomy":"category","embeddable":true,"href":"https:\/\/diarioregionaldigital.com.br\/index.php?rest_route=%2Fwp%2Fv2%2Fcategories&post=137281"},{"taxonomy":"post_tag","embeddable":true,"href":"https:\/\/diarioregionaldigital.com.br\/index.php?rest_route=%2Fwp%2Fv2%2Ftags&post=137281"}],"curies":[{"name":"wp","href":"https:\/\/api.w.org\/{rel}","templated":true}]}}