{"id":137270,"date":"2019-04-02T14:41:44","date_gmt":"2019-04-02T17:41:44","guid":{"rendered":"https:\/\/diarioregionaldigital.com.br\/?p=137270"},"modified":"2019-04-02T14:41:44","modified_gmt":"2019-04-02T17:41:44","slug":"governo-estuda-substituicao-de-termeletricas-a-oleo-por-gas-natural","status":"publish","type":"post","link":"https:\/\/diarioregionaldigital.com.br\/?p=137270","title":{"rendered":"Governo estuda substitui\u00e7\u00e3o de termel\u00e9tricas a \u00f3leo por g\u00e1s natural"},"content":{"rendered":"<p>O Minist\u00e9rio de Minas e Energia (MME) e a Ag\u00eancia Nacional de Energia El\u00e9trica (Aneel) est\u00e3o buscando formas de baratear o custo da energia el\u00e9trica no pa\u00eds. O secret\u00e1rio de Planejamento e Desenvolvimento Energ\u00e9tico do MME, Reive Barros, informou hoje, 1\u00ba, que em junho o governo deve apresentar um novo modelo para o mercado de g\u00e1s natural, que vai incluir a substitui\u00e7\u00e3o das usinas termel\u00e9tricas a \u00f3leo por g\u00e1s. Com isso, deve ocorrer uma redu\u00e7\u00e3o de 50% no custo do combust\u00edvel para o funcionamento das usinas a partir de 2025.<\/p>\n<p>\u201cA estrutura tarif\u00e1ria no Brasil tem o componente da energia, de tributos e encargos, a remunera\u00e7\u00e3o da distribuidora. A parte da energia representa em torno de 30%, 39%. Ent\u00e3o, mesmo que haja uma redu\u00e7\u00e3o no pre\u00e7o do g\u00e1s, o impacto na tarifa n\u00e3o d\u00e1 para dizer de quanto vai ser. Mas deve\u00a0<span id=\"OBJ_PREFIX_DWT3333_com_zimbra_date\" role=\"link\"><span id=\"OBJ_PREFIX_DWT3340_com_zimbra_date\" role=\"link\">ter<\/span><\/span>\u00a0uma redu\u00e7\u00e3o no pre\u00e7o da tarifa\u201d, explicou, durante o evento Agenda setorial 2019: regula\u00e7\u00e3o, opera\u00e7\u00e3o e mercado, promovido pelo Canal Energia, no Rio<span id=\"OBJ_PREFIX_DWT3337_com_zimbra_date\" role=\"link\">\u00a0de Janeiro<\/span>.<\/p>\n<p>De acordo com ele, \u00e9 preciso fazer um diagn\u00f3stico adequado da tarifa atual no Brasil, pois h\u00e1 espa\u00e7o para melhorias que levam \u00e0 redu\u00e7\u00e3o dos custos com o planejamento do sistema, na opera\u00e7\u00e3o e otimiza\u00e7\u00e3o do sistema, e tamb\u00e9m nas quest\u00f5es regulat\u00f3rias.<\/p>\n<p>\u201cNa hora que substitu\u00edmos as t\u00e9rmicas, tem uma redu\u00e7\u00e3o que vai pra conta do consumidor. Todos n\u00f3s estamos conscientes de que a tarifa do jeito que est\u00e1 n\u00e3o pode ficar. Est\u00e1 car\u00edssima. \u00c9 preciso reduzir essa tarifa para o consumidor residencial e tamb\u00e9m para as ind\u00fastrias, para o Brasil ser mais competitivo\u201d.<\/p>\n<h2>Impostos e subs\u00eddios<\/h2>\n<p>J\u00e1 a Aneel estuda formas de reduzir os impostos sobre a tarifa, segundo o diretor geral da Ag\u00eancia, Andre Pepitone. \u201cA quest\u00e3o do ICMS, fizemos um trabalho que mostra a arrecada\u00e7\u00e3o de cada estado no valor de cada megawatt-hora comercializado. Rio \u00e9 o mais caro em valores absolutos, com R$ 167,82. Em percentual \u00e9 Maranh\u00e3o, Par\u00e1 e Rio<span id=\"OBJ_PREFIX_DWT3335_com_zimbra_date\" role=\"link\">\u00a0de Janeiro<\/span>\u00a0em terceiro. Na tarifa de energia, quando voc\u00ea olha o gr\u00e1fico pizza, o tributo representa quase 40%. Em cada R$ 100 reais, pago, uma grande parte est\u00e1 indo para os estados\u201d.<\/p>\n<p>Outra medida para reduzir a tarifa, segundo Pepitone, \u00e9 cortar subs\u00eddios. \u201cTemos alguns segmentos da economia que est\u00e3o sendo subsidiados na conta de luz, segmentos ex\u00f3genos ao setor el\u00e9trico, o caso do setor rural, a irriga\u00e7\u00e3o. Temos agora tamb\u00e9m o subs\u00eddio do desconto no fio, daqueles consumidores que compram de fontes renov\u00e1veis, isso d\u00e1 quase R$2,5 bilh\u00f5es de tarifa. O papel da Aneel \u00e9 dar transpar\u00eancia a esses n\u00fameros e provocar a discuss\u00e3o com a sociedade\u201d.<\/p>\n<p>O presidente da Empresa de Pesquisa Energ\u00e9tica (EPE), Thiago Barral Ferreira, falou sobre a expans\u00e3o da transmiss\u00e3o, da gera\u00e7\u00e3o e as incertezas sobre o crescimento da carga. E o diretor geral do Operador Nacional do Sistema El\u00e9trico (ONS), Luiz Eduardo Barata Ferreira, fez um balan\u00e7o do per\u00edodo \u00famido e a perspectiva para o per\u00edodo seco que se aproxima.<\/p>\n<p>\u201cA expectativa \u00e9 terminar este per\u00edodo seco que inicia agora melhor do que no ano passado, j\u00e1 que os reservat\u00f3rios est\u00e3o agora mais cheios do que no fim do per\u00edodo \u00famido no ano passado. Devemos terminar abril com cerca de 60% nos reservat\u00f3rios do Nordeste. Em novembro do ano passado o Nordeste terminou com 29,9% e o Sudeste, com 24,2%\u201d.<\/p>\n<p>Fonte: Ag\u00eancia Brasil<\/p>\n","protected":false},"excerpt":{"rendered":"<p>O Minist\u00e9rio de Minas e Energia (MME) e a Ag\u00eancia Nacional de Energia El\u00e9trica (Aneel) est\u00e3o buscando formas de baratear o custo da energia el\u00e9trica no pa\u00eds. O secret\u00e1rio de Planejamento e Desenvolvimento Energ\u00e9tico do MME, Reive Barros, informou hoje, 1\u00ba, que em junho o governo deve apresentar um novo modelo para o mercado de [&hellip;]<\/p>\n","protected":false},"author":96,"featured_media":137271,"comment_status":"closed","ping_status":"closed","sticky":false,"template":"","format":"standard","meta":{"footnotes":""},"categories":[436,261,262,439],"tags":[],"class_list":["post-137270","post","type-post","status-publish","format-standard","has-post-thumbnail","hentry","category-destaque-da-semana","category-economia","category-noticias","category-ultima-hora"],"_links":{"self":[{"href":"https:\/\/diarioregionaldigital.com.br\/index.php?rest_route=\/wp\/v2\/posts\/137270","targetHints":{"allow":["GET"]}}],"collection":[{"href":"https:\/\/diarioregionaldigital.com.br\/index.php?rest_route=\/wp\/v2\/posts"}],"about":[{"href":"https:\/\/diarioregionaldigital.com.br\/index.php?rest_route=\/wp\/v2\/types\/post"}],"author":[{"embeddable":true,"href":"https:\/\/diarioregionaldigital.com.br\/index.php?rest_route=\/wp\/v2\/users\/96"}],"replies":[{"embeddable":true,"href":"https:\/\/diarioregionaldigital.com.br\/index.php?rest_route=%2Fwp%2Fv2%2Fcomments&post=137270"}],"version-history":[{"count":0,"href":"https:\/\/diarioregionaldigital.com.br\/index.php?rest_route=\/wp\/v2\/posts\/137270\/revisions"}],"wp:featuredmedia":[{"embeddable":true,"href":"https:\/\/diarioregionaldigital.com.br\/index.php?rest_route=\/wp\/v2\/media\/137271"}],"wp:attachment":[{"href":"https:\/\/diarioregionaldigital.com.br\/index.php?rest_route=%2Fwp%2Fv2%2Fmedia&parent=137270"}],"wp:term":[{"taxonomy":"category","embeddable":true,"href":"https:\/\/diarioregionaldigital.com.br\/index.php?rest_route=%2Fwp%2Fv2%2Fcategories&post=137270"},{"taxonomy":"post_tag","embeddable":true,"href":"https:\/\/diarioregionaldigital.com.br\/index.php?rest_route=%2Fwp%2Fv2%2Ftags&post=137270"}],"curies":[{"name":"wp","href":"https:\/\/api.w.org\/{rel}","templated":true}]}}