{"id":137261,"date":"2019-04-02T14:23:14","date_gmt":"2019-04-02T17:23:14","guid":{"rendered":"https:\/\/diarioregionaldigital.com.br\/?p=137261"},"modified":"2019-04-02T14:23:14","modified_gmt":"2019-04-02T17:23:14","slug":"industriais-defendem-reforma-da-previdencia-em-nome-de-juros-baixos","status":"publish","type":"post","link":"https:\/\/diarioregionaldigital.com.br\/?p=137261","title":{"rendered":"Industriais defendem reforma da Previd\u00eancia em nome de juros baixos"},"content":{"rendered":"<p>Com um discurso em defesa da prioridade e urg\u00eancia da reforma da Previd\u00eancia, a Confedera\u00e7\u00e3o Nacional da Ind\u00fastria (CNI) entregou nesta ter\u00e7a-feira, 02, ao presidente do Congresso Nacional, senador Davi Alcolumbre (DEM-AP) a Agenda Legislativa da Ind\u00fastria de 2019.<\/p>\n<p>O documento re\u00fane 123 propostas em tramita\u00e7\u00e3o na C\u00e2mara ou Senado, consideradas estrat\u00e9gicas pelo setor. Dentre todas as proposi\u00e7\u00f5es, a agenda destaca 14 itens como pauta m\u00ednima esperada pela ind\u00fastria, sob o argumento de terem maior impacto sobre o ambiente de neg\u00f3cios. Em discurso no Senado, o presidente interino da CNI, Paulo Afonso Ferreira, classificou a reforma da Previd\u00eancia \u201cimprescind\u00edvel e essencial para que o pa\u00eds volte a crescer\u201d.<\/p>\n<div class=\"dnd-widget-wrapper context-cheio_8colunas type-image\">\n<div class=\"dnd-atom-rendered\">\n<p>\u201cO nosso sistema previdenci\u00e1rio \u00e9 invi\u00e1vel do ponto de vista financeiro, injusto do ponto de vista social e desalinhado com o extraordin\u00e1rio crescimento de expectativa de vida da popula\u00e7\u00e3o. Ao gerar confian\u00e7a na sustentabilidade fiscal, a reforma ser\u00e1 uma fonte importante de expans\u00e3o da economia ao refor\u00e7ar fatores que contribuir\u00e3o para taxas de juros mais baixas\u201d, disse.<\/p>\n<h2>Sistema de tributa\u00e7\u00e3o<\/h2>\n<p>A reforma Tribut\u00e1ria tamb\u00e9m foi defendida pelo industrial. Segundo Paulo Afonso Ferreira, o texto aprovado pela Comiss\u00e3o Especial da C\u00e2mara representa avan\u00e7os importantes em termos de simplifica\u00e7\u00e3o do sistema de tributa\u00e7\u00e3o sobre investimentos de exporta\u00e7\u00f5es, apesar disso, ele destacou que o texto ainda precisa de ajustes.<\/p>\n<p>\u201cSem mudan\u00e7as estruturais no sistema tribut\u00e1rio n\u00e3o conseguiremos eliminar as fontes de inseguran\u00e7a jur\u00eddica e de excesso de obriga\u00e7\u00f5es que se transformam em um verdadeiro pesadelo tribut\u00e1rio para os empreendedores\u201d, afirmou.<\/p>\n<p>Essa \u00e9 a primeira vez, desde que foi lan\u00e7ado em 1996, que esse documento \u00e9 lan\u00e7ado no Congresso, em sess\u00e3o solene conjunta da C\u00e2mara dos Deputados e do Senado.<\/p>\n<p>\u201cCabe a n\u00f3s, ao Congresso, \u00e0s duas casas Legislativas, examinar esses temas e, conforme os consensos das lideran\u00e7as partid\u00e1rias, dar-lhes a devida prioridade. \u00c9 certo que, ao fazer isso, estaremos contribuindo para o desenvolvimento econ\u00f4mico e social do pa\u00eds, gerando emprego e renda para aqueles que mais precisam neste momento dif\u00edcil que vamos atravessando\u201d, disse Davi Alcolumbre.<\/p>\n<p>Al\u00e9m das reformas, a agenda de prioridades da ind\u00fastria re\u00fane mat\u00e9rias que tratam de propostas que v\u00e3o de licenciamento ambiental e projetos sobre os marcos legais das ag\u00eancias reguladoras e do saneamento, a Registro Internacional de Marcas, com a ades\u00e3o ao Protocolo de Madri, o que, segundo a CNI, garante a prioridade de marca e simplifica o processo de registro internacional em 97 pa\u00edses, que respondem por 80% do com\u00e9rcio mundial.<\/p>\n<\/div>\n<\/div>\n<p>&nbsp;<\/p>\n<p>Fonte: Ag\u00eancia Brasil<\/p>\n","protected":false},"excerpt":{"rendered":"<p>Com um discurso em defesa da prioridade e urg\u00eancia da reforma da Previd\u00eancia, a Confedera\u00e7\u00e3o Nacional da Ind\u00fastria (CNI) entregou nesta ter\u00e7a-feira, 02, ao presidente do Congresso Nacional, senador Davi Alcolumbre (DEM-AP) a Agenda Legislativa da Ind\u00fastria de 2019. O documento re\u00fane 123 propostas em tramita\u00e7\u00e3o na C\u00e2mara ou Senado, consideradas estrat\u00e9gicas pelo setor. Dentre [&hellip;]<\/p>\n","protected":false},"author":96,"featured_media":137262,"comment_status":"closed","ping_status":"closed","sticky":false,"template":"","format":"standard","meta":{"footnotes":""},"categories":[436,262,254,439],"tags":[],"class_list":["post-137261","post","type-post","status-publish","format-standard","has-post-thumbnail","hentry","category-destaque-da-semana","category-noticias","category-politica","category-ultima-hora"],"_links":{"self":[{"href":"https:\/\/diarioregionaldigital.com.br\/index.php?rest_route=\/wp\/v2\/posts\/137261","targetHints":{"allow":["GET"]}}],"collection":[{"href":"https:\/\/diarioregionaldigital.com.br\/index.php?rest_route=\/wp\/v2\/posts"}],"about":[{"href":"https:\/\/diarioregionaldigital.com.br\/index.php?rest_route=\/wp\/v2\/types\/post"}],"author":[{"embeddable":true,"href":"https:\/\/diarioregionaldigital.com.br\/index.php?rest_route=\/wp\/v2\/users\/96"}],"replies":[{"embeddable":true,"href":"https:\/\/diarioregionaldigital.com.br\/index.php?rest_route=%2Fwp%2Fv2%2Fcomments&post=137261"}],"version-history":[{"count":0,"href":"https:\/\/diarioregionaldigital.com.br\/index.php?rest_route=\/wp\/v2\/posts\/137261\/revisions"}],"wp:featuredmedia":[{"embeddable":true,"href":"https:\/\/diarioregionaldigital.com.br\/index.php?rest_route=\/wp\/v2\/media\/137262"}],"wp:attachment":[{"href":"https:\/\/diarioregionaldigital.com.br\/index.php?rest_route=%2Fwp%2Fv2%2Fmedia&parent=137261"}],"wp:term":[{"taxonomy":"category","embeddable":true,"href":"https:\/\/diarioregionaldigital.com.br\/index.php?rest_route=%2Fwp%2Fv2%2Fcategories&post=137261"},{"taxonomy":"post_tag","embeddable":true,"href":"https:\/\/diarioregionaldigital.com.br\/index.php?rest_route=%2Fwp%2Fv2%2Ftags&post=137261"}],"curies":[{"name":"wp","href":"https:\/\/api.w.org\/{rel}","templated":true}]}}