{"id":137256,"date":"2019-04-02T13:52:42","date_gmt":"2019-04-02T16:52:42","guid":{"rendered":"https:\/\/diarioregionaldigital.com.br\/?p=137256"},"modified":"2019-04-02T13:52:42","modified_gmt":"2019-04-02T16:52:42","slug":"ministro-do-turismo-quer-reduzir-o-preco-das-passagens-aereas","status":"publish","type":"post","link":"https:\/\/diarioregionaldigital.com.br\/?p=137256","title":{"rendered":"Ministro do Turismo quer reduzir o pre\u00e7o das passagens a\u00e9reas"},"content":{"rendered":"<p>O ministro do Turismo, Marcelo \u00c1lvaro Ant\u00f4nio, declarou que uma das a\u00e7\u00f5es do governo para o incremento do setor tur\u00edstico no Brasil \u00e9 a redu\u00e7\u00e3o do valor das passagens \u00e1reas. Ele participou hoje, 2, da s\u00e9tima edi\u00e7\u00e3o da\u00a0<em>World Travel Market<\/em>, feira internacional do setor de viagens realizado na capital paulista, por onde devem passar 8 mil visitantes.<\/p>\n<p>A queda dos valores pode ocorrer com a aprova\u00e7\u00e3o no Congresso Nacional da medida provis\u00f3ria que autoriza as empresas de avia\u00e7\u00e3o nacionais a terem participa\u00e7\u00e3o ilimitada de capital estrangeiro. A lei determina limite m\u00e1ximo de 20% de investimento vindo de fora. No \u00faltimo dia 20, o texto foi aprovado pela C\u00e2mara dos Deputados.<\/p>\n<p>\u201cVai aumentar a competitividade, sem d\u00favida nenhuma, gerando, sobretudo, a redu\u00e7\u00e3o da tarifa. A moderniza\u00e7\u00e3o da lei geral do Turismo foi aprovada na C\u00e2mara dos Deputados juntamente com as a\u00e9reas. Uma s\u00e9rie de fatores que v\u00e3o impactar positivamente o turismo\u201d.<\/p>\n<p>No \u00faltimo domingo, 31, o ministro participou do primeiro voo de uma empresa\u00a0<em>low cost<\/em>, ou seja, de baixo custo, a atuar no Brasil. A norueguesa Norwegian pousou no Aeroporto Internacional Gale\u00e3o-Tom Jobim, no Rio de Janeiro, onde passar\u00e1 a operar com quatro voos semanais com destino a Londres. O pre\u00e7o da passagem \u00e9 cerca de R$ 1 mil.<\/p>\n<h2>Isen\u00e7\u00e3o de visto<\/h2>\n<p>Outra a\u00e7\u00e3o do governo, que come\u00e7ar\u00e1 a valer em 17 de junho, ser\u00e1 a isen\u00e7\u00e3o da necessidade de vistos para entrada de estrangeiros procedentes dos Estados Unidos, do Canad\u00e1, da Austr\u00e1lia e do Jap\u00e3o.<\/p>\n<p>Segundo o ministro, o pleito vinha sendo requerido h\u00e1 mais de 15 anos pelo setor. A expectativa \u00e9 que a medida atraia US$ 1 bilh\u00f5es por ano com a circula\u00e7\u00e3o desses estrangeiros, de acordo com os estudos iniciais.<\/p>\n<p>\u201cUm momento como esse \u00e9 muito importante para o desenvolvimento do turismo, sobretudo nos munic\u00edpios. O Brasil apresenta uma economia liberal, abrindo ao mundo os investimentos na nossa terra\u201d, declarou. \u201cO turismo tem tudo para deslanchar e movimentar essa cadeia enorme, gerando milh\u00f5es de empregos&#8221;.<\/p>\n<p>Fonte: Ag\u00eancia Brasil<\/p>\n","protected":false},"excerpt":{"rendered":"<p>O ministro do Turismo, Marcelo \u00c1lvaro Ant\u00f4nio, declarou que uma das a\u00e7\u00f5es do governo para o incremento do setor tur\u00edstico no Brasil \u00e9 a redu\u00e7\u00e3o do valor das passagens \u00e1reas. Ele participou hoje, 2, da s\u00e9tima edi\u00e7\u00e3o da\u00a0World Travel Market, feira internacional do setor de viagens realizado na capital paulista, por onde devem passar 8 [&hellip;]<\/p>\n","protected":false},"author":96,"featured_media":137257,"comment_status":"closed","ping_status":"closed","sticky":false,"template":"","format":"standard","meta":{"footnotes":""},"categories":[302,436,439],"tags":[],"class_list":["post-137256","post","type-post","status-publish","format-standard","has-post-thumbnail","hentry","category-brasil-mundo","category-destaque-da-semana","category-ultima-hora"],"_links":{"self":[{"href":"https:\/\/diarioregionaldigital.com.br\/index.php?rest_route=\/wp\/v2\/posts\/137256","targetHints":{"allow":["GET"]}}],"collection":[{"href":"https:\/\/diarioregionaldigital.com.br\/index.php?rest_route=\/wp\/v2\/posts"}],"about":[{"href":"https:\/\/diarioregionaldigital.com.br\/index.php?rest_route=\/wp\/v2\/types\/post"}],"author":[{"embeddable":true,"href":"https:\/\/diarioregionaldigital.com.br\/index.php?rest_route=\/wp\/v2\/users\/96"}],"replies":[{"embeddable":true,"href":"https:\/\/diarioregionaldigital.com.br\/index.php?rest_route=%2Fwp%2Fv2%2Fcomments&post=137256"}],"version-history":[{"count":0,"href":"https:\/\/diarioregionaldigital.com.br\/index.php?rest_route=\/wp\/v2\/posts\/137256\/revisions"}],"wp:featuredmedia":[{"embeddable":true,"href":"https:\/\/diarioregionaldigital.com.br\/index.php?rest_route=\/wp\/v2\/media\/137257"}],"wp:attachment":[{"href":"https:\/\/diarioregionaldigital.com.br\/index.php?rest_route=%2Fwp%2Fv2%2Fmedia&parent=137256"}],"wp:term":[{"taxonomy":"category","embeddable":true,"href":"https:\/\/diarioregionaldigital.com.br\/index.php?rest_route=%2Fwp%2Fv2%2Fcategories&post=137256"},{"taxonomy":"post_tag","embeddable":true,"href":"https:\/\/diarioregionaldigital.com.br\/index.php?rest_route=%2Fwp%2Fv2%2Ftags&post=137256"}],"curies":[{"name":"wp","href":"https:\/\/api.w.org\/{rel}","templated":true}]}}