{"id":137253,"date":"2019-04-02T13:50:20","date_gmt":"2019-04-02T16:50:20","guid":{"rendered":"https:\/\/diarioregionaldigital.com.br\/?p=137253"},"modified":"2019-04-02T13:50:20","modified_gmt":"2019-04-02T16:50:20","slug":"inflacao-medida-pelo-ipc-s-cresce-em-seis-capitais","status":"publish","type":"post","link":"https:\/\/diarioregionaldigital.com.br\/?p=137253","title":{"rendered":"Infla\u00e7\u00e3o medida pelo IPC-S cresce em seis capitais"},"content":{"rendered":"<p>A infla\u00e7\u00e3o medida pelo \u00cdndice de Pre\u00e7os ao Consumidor Semanal (IPC-S) cresceu em seis das sete capitais pesquisadas pela Funda\u00e7\u00e3o Getulio Vargas (FGV) na passagem de fevereiro para mar\u00e7o. A maior alta foi observada em Porto Alegre: 0,87 ponto percentual, ao subir de 0,02% em fevereiro para 0,89% em mar\u00e7o.<\/p>\n<p>Tamb\u00e9m tiveram alta o Rio de Janeiro (0,47 ponto percentual, ao passar de 0,36% para 0,83%), Salvador (0,43 ponto percentual, foi de 0,21% para 0,64%), Bras\u00edlia (0,34 ponto percentual, indo de 0,13% para 0,47%), Recife (0,18 ponto percentual, ao passar de 0,53% para 0,71%) e S\u00e3o Paulo (0,03 ponto percentual: de 0,53% para 0,56%).<\/p>\n<p>Por outro lado, apenas Belo Horizonte teve queda na taxa de fevereiro para mar\u00e7o (-0,47 ponto percentual), ao recuar de 0,65% para 0,18%.<\/p>\n<p>Fonte: Ag\u00eancia Brasil<\/p>\n","protected":false},"excerpt":{"rendered":"<p>A infla\u00e7\u00e3o medida pelo \u00cdndice de Pre\u00e7os ao Consumidor Semanal (IPC-S) cresceu em seis das sete capitais pesquisadas pela Funda\u00e7\u00e3o Getulio Vargas (FGV) na passagem de fevereiro para mar\u00e7o. A maior alta foi observada em Porto Alegre: 0,87 ponto percentual, ao subir de 0,02% em fevereiro para 0,89% em mar\u00e7o. Tamb\u00e9m tiveram alta o Rio [&hellip;]<\/p>\n","protected":false},"author":96,"featured_media":105072,"comment_status":"closed","ping_status":"closed","sticky":false,"template":"","format":"standard","meta":{"footnotes":""},"categories":[436,261,439],"tags":[],"class_list":["post-137253","post","type-post","status-publish","format-standard","has-post-thumbnail","hentry","category-destaque-da-semana","category-economia","category-ultima-hora"],"_links":{"self":[{"href":"https:\/\/diarioregionaldigital.com.br\/index.php?rest_route=\/wp\/v2\/posts\/137253","targetHints":{"allow":["GET"]}}],"collection":[{"href":"https:\/\/diarioregionaldigital.com.br\/index.php?rest_route=\/wp\/v2\/posts"}],"about":[{"href":"https:\/\/diarioregionaldigital.com.br\/index.php?rest_route=\/wp\/v2\/types\/post"}],"author":[{"embeddable":true,"href":"https:\/\/diarioregionaldigital.com.br\/index.php?rest_route=\/wp\/v2\/users\/96"}],"replies":[{"embeddable":true,"href":"https:\/\/diarioregionaldigital.com.br\/index.php?rest_route=%2Fwp%2Fv2%2Fcomments&post=137253"}],"version-history":[{"count":0,"href":"https:\/\/diarioregionaldigital.com.br\/index.php?rest_route=\/wp\/v2\/posts\/137253\/revisions"}],"wp:featuredmedia":[{"embeddable":true,"href":"https:\/\/diarioregionaldigital.com.br\/index.php?rest_route=\/wp\/v2\/media\/105072"}],"wp:attachment":[{"href":"https:\/\/diarioregionaldigital.com.br\/index.php?rest_route=%2Fwp%2Fv2%2Fmedia&parent=137253"}],"wp:term":[{"taxonomy":"category","embeddable":true,"href":"https:\/\/diarioregionaldigital.com.br\/index.php?rest_route=%2Fwp%2Fv2%2Fcategories&post=137253"},{"taxonomy":"post_tag","embeddable":true,"href":"https:\/\/diarioregionaldigital.com.br\/index.php?rest_route=%2Fwp%2Fv2%2Ftags&post=137253"}],"curies":[{"name":"wp","href":"https:\/\/api.w.org\/{rel}","templated":true}]}}