{"id":137251,"date":"2019-04-02T13:48:56","date_gmt":"2019-04-02T16:48:56","guid":{"rendered":"https:\/\/diarioregionaldigital.com.br\/?p=137251"},"modified":"2019-04-02T13:48:56","modified_gmt":"2019-04-02T16:48:56","slug":"producao-industrial-cresce-07-revela-pesquisa-do-ibge","status":"publish","type":"post","link":"https:\/\/diarioregionaldigital.com.br\/?p=137251","title":{"rendered":"Produ\u00e7\u00e3o industrial cresce 0,7%, revela pesquisa do IBGE"},"content":{"rendered":"<p>A produ\u00e7\u00e3o industrial brasileira cresceu 0,7% na passagem de janeiro para fevereiro, segundo dados da Pesquisa Industrial Mensal divulgados hoje , 2,\u00a0 no Rio de Janeiro, pelo Instituto Brasileiro de Geografia e Estat\u00edstica (IBGE). De dezembro para janeiro, o setor caiu 0,7%.<\/p>\n<p>Na compara\u00e7\u00e3o com fevereiro de 2018, houve uma alta de 2%. A ind\u00fastria acumula queda de 0,2% no ano e alta de 0,5% em 12 meses. Na m\u00e9dia m\u00f3vel trimestral, a varia\u00e7\u00e3o \u00e9 de 0,1%.<\/p>\n<p>Tr\u00eas das quatro categorias econ\u00f4micas tiveram alta de janeiro para fevereiro: bens de capital, isto \u00e9, m\u00e1quinas e equipamentos (4,6%), bens de consumo dur\u00e1veis (3,7%) e bens de consumo semi e n\u00e3o dur\u00e1veis (0,7%). Os bens intermedi\u00e1rios, ou seja, os insumos industrializados usados no setor produtivo, ca\u00edram 0,8%.<\/p>\n<p>Dezesseis das 26 atividades industriais pesquisadas tiveram alta, com destaque para ve\u00edculos automotores, reboques e carrocerias (6,7%), produtos aliment\u00edcios (3,2%) e coque, produtos derivados do petr\u00f3leo e biocombust\u00edveis (4,3%).<\/p>\n<p>Dez ramos industriais apresentaram queda. O principal recuo veio das ind\u00fastrias extrativas (-14,8%), resultado influenciado pelo recuo na produ\u00e7\u00e3o de min\u00e9rio de ferro relacionada ao rompimento da barragem de Brumadinho (MG), em 25 de janeiro deste ano.<\/p>\n<p>Fonte: Ag\u00eancia Brasil<\/p>\n","protected":false},"excerpt":{"rendered":"<p>A produ\u00e7\u00e3o industrial brasileira cresceu 0,7% na passagem de janeiro para fevereiro, segundo dados da Pesquisa Industrial Mensal divulgados hoje , 2,\u00a0 no Rio de Janeiro, pelo Instituto Brasileiro de Geografia e Estat\u00edstica (IBGE). De dezembro para janeiro, o setor caiu 0,7%. Na compara\u00e7\u00e3o com fevereiro de 2018, houve uma alta de 2%. A ind\u00fastria [&hellip;]<\/p>\n","protected":false},"author":96,"featured_media":134360,"comment_status":"closed","ping_status":"closed","sticky":false,"template":"","format":"standard","meta":{"footnotes":""},"categories":[436,261,439],"tags":[],"class_list":["post-137251","post","type-post","status-publish","format-standard","has-post-thumbnail","hentry","category-destaque-da-semana","category-economia","category-ultima-hora"],"_links":{"self":[{"href":"https:\/\/diarioregionaldigital.com.br\/index.php?rest_route=\/wp\/v2\/posts\/137251","targetHints":{"allow":["GET"]}}],"collection":[{"href":"https:\/\/diarioregionaldigital.com.br\/index.php?rest_route=\/wp\/v2\/posts"}],"about":[{"href":"https:\/\/diarioregionaldigital.com.br\/index.php?rest_route=\/wp\/v2\/types\/post"}],"author":[{"embeddable":true,"href":"https:\/\/diarioregionaldigital.com.br\/index.php?rest_route=\/wp\/v2\/users\/96"}],"replies":[{"embeddable":true,"href":"https:\/\/diarioregionaldigital.com.br\/index.php?rest_route=%2Fwp%2Fv2%2Fcomments&post=137251"}],"version-history":[{"count":0,"href":"https:\/\/diarioregionaldigital.com.br\/index.php?rest_route=\/wp\/v2\/posts\/137251\/revisions"}],"wp:featuredmedia":[{"embeddable":true,"href":"https:\/\/diarioregionaldigital.com.br\/index.php?rest_route=\/wp\/v2\/media\/134360"}],"wp:attachment":[{"href":"https:\/\/diarioregionaldigital.com.br\/index.php?rest_route=%2Fwp%2Fv2%2Fmedia&parent=137251"}],"wp:term":[{"taxonomy":"category","embeddable":true,"href":"https:\/\/diarioregionaldigital.com.br\/index.php?rest_route=%2Fwp%2Fv2%2Fcategories&post=137251"},{"taxonomy":"post_tag","embeddable":true,"href":"https:\/\/diarioregionaldigital.com.br\/index.php?rest_route=%2Fwp%2Fv2%2Ftags&post=137251"}],"curies":[{"name":"wp","href":"https:\/\/api.w.org\/{rel}","templated":true}]}}