{"id":137246,"date":"2019-04-01T21:47:34","date_gmt":"2019-04-02T00:47:34","guid":{"rendered":"https:\/\/diarioregionaldigital.com.br\/?p=137246"},"modified":"2019-04-01T21:47:34","modified_gmt":"2019-04-02T00:47:34","slug":"darlene-vai-substituir-cristiane-em-amistosos-da-selecao","status":"publish","type":"post","link":"https:\/\/diarioregionaldigital.com.br\/?p=137246","title":{"rendered":"Darlene vai substituir Cristiane em amistosos da sele\u00e7\u00e3o"},"content":{"rendered":"<p>A atacante do Benfica Darlene foi convocada nesta segunda-feira, 1, \u00a0pelo t\u00e9cnico Vad\u00e3o para os dois amistosos da sele\u00e7\u00e3o feminina de futebol diante da Espanha e Esc\u00f3cia. A jogadora ir\u00e1 substituir Cristiane, que foi desconvocada por quest\u00f5es f\u00edsicas.<\/p>\n<p>O departamento m\u00e9dico da sele\u00e7\u00e3o e do S\u00e3o Paulo analisaram a situa\u00e7\u00e3o da atacante e optaram por poup\u00e1-la nestes amistosos.<\/p>\n<p>Darlene se apresentar\u00e1 na quarta-feira, 3, \u00a0juntamente com todo o grupo da\u00a0sele\u00e7\u00e3o feminina de futebol em Badajoz, na Espanha.<\/p>\n<p>Visando a prepara\u00e7\u00e3o para a Copa do Mundo da Fran\u00e7a, a sele\u00e7\u00e3o feminina de futebol enfrenta a Espanha no dia 5 de abril, no Est\u00e1dio Municipal Vicente Sanz, \u00e0s 14h30 (Bras\u00edlia), em Don Benito. J\u00e1 no dia 8 as brasileiras e escocesas se enfrentam na Pinatar Arena, em San Pedro de Pinatar, \u00e0s 16h (Bras\u00edlia). Os dois jogos ser\u00e3o disputados em territ\u00f3rio espanhol.<\/p>\n<p><strong>Copa do Mundo<\/strong><\/p>\n<p>A Espanha est\u00e1 no Grupo B da Copa do Mundo Feminina e atualmente \u00e9 a 12\u00ba colocada do ranking da Fifa. As duas equipes se enfrentaram duas vezes recentemente. Na fase de grupos do Mundial de 2015, vit\u00f3ria brasileira por 1 a 0, com gol de Andressa Alves. Em 2017, em jogo amistoso, 2 a 1 para a equipe canarinha, gols de Darlene e Rafaelle.<\/p>\n<p>J\u00e1 a Esc\u00f3cia est\u00e1 no Grupo D da Copa do Mundo, e ocupa a 20\u00ba do ranking. No \u00faltimo amistoso entre as duas sele\u00e7\u00f5es, vit\u00f3ria brasileira por 3 a 1 no Torneio Internacional de Bras\u00edlia, gols de Marta e Debinha (2).<\/p>\n<p><strong>Fonte: CBF <\/strong><\/p>\n","protected":false},"excerpt":{"rendered":"<p>A atacante do Benfica Darlene foi convocada nesta segunda-feira, 1, \u00a0pelo t\u00e9cnico Vad\u00e3o para os dois amistosos da sele\u00e7\u00e3o feminina de futebol diante da Espanha e Esc\u00f3cia. A jogadora ir\u00e1 substituir Cristiane, que foi desconvocada por quest\u00f5es f\u00edsicas. O departamento m\u00e9dico da sele\u00e7\u00e3o e do S\u00e3o Paulo analisaram a situa\u00e7\u00e3o da atacante e optaram por [&hellip;]<\/p>\n","protected":false},"author":96,"featured_media":137247,"comment_status":"closed","ping_status":"closed","sticky":false,"template":"","format":"standard","meta":{"footnotes":""},"categories":[257,439],"tags":[],"class_list":["post-137246","post","type-post","status-publish","format-standard","has-post-thumbnail","hentry","category-esporte","category-ultima-hora"],"_links":{"self":[{"href":"https:\/\/diarioregionaldigital.com.br\/index.php?rest_route=\/wp\/v2\/posts\/137246","targetHints":{"allow":["GET"]}}],"collection":[{"href":"https:\/\/diarioregionaldigital.com.br\/index.php?rest_route=\/wp\/v2\/posts"}],"about":[{"href":"https:\/\/diarioregionaldigital.com.br\/index.php?rest_route=\/wp\/v2\/types\/post"}],"author":[{"embeddable":true,"href":"https:\/\/diarioregionaldigital.com.br\/index.php?rest_route=\/wp\/v2\/users\/96"}],"replies":[{"embeddable":true,"href":"https:\/\/diarioregionaldigital.com.br\/index.php?rest_route=%2Fwp%2Fv2%2Fcomments&post=137246"}],"version-history":[{"count":0,"href":"https:\/\/diarioregionaldigital.com.br\/index.php?rest_route=\/wp\/v2\/posts\/137246\/revisions"}],"wp:featuredmedia":[{"embeddable":true,"href":"https:\/\/diarioregionaldigital.com.br\/index.php?rest_route=\/wp\/v2\/media\/137247"}],"wp:attachment":[{"href":"https:\/\/diarioregionaldigital.com.br\/index.php?rest_route=%2Fwp%2Fv2%2Fmedia&parent=137246"}],"wp:term":[{"taxonomy":"category","embeddable":true,"href":"https:\/\/diarioregionaldigital.com.br\/index.php?rest_route=%2Fwp%2Fv2%2Fcategories&post=137246"},{"taxonomy":"post_tag","embeddable":true,"href":"https:\/\/diarioregionaldigital.com.br\/index.php?rest_route=%2Fwp%2Fv2%2Ftags&post=137246"}],"curies":[{"name":"wp","href":"https:\/\/api.w.org\/{rel}","templated":true}]}}