{"id":137243,"date":"2019-04-01T21:46:23","date_gmt":"2019-04-02T00:46:23","guid":{"rendered":"https:\/\/diarioregionaldigital.com.br\/?p=137243"},"modified":"2019-04-01T21:46:23","modified_gmt":"2019-04-02T00:46:23","slug":"bom-pastor-paralimpico-traz-39-medalhas-do-circuito-em-uberlandia","status":"publish","type":"post","link":"https:\/\/diarioregionaldigital.com.br\/?p=137243","title":{"rendered":"Bom Pastor paral\u00edmpico traz 39 medalhas do Circuito em Uberl\u00e2ndia"},"content":{"rendered":"<p>Doze atletas, 22 \u00edndices nacionais e 39 medalhas, sendo 25 de ouro, nove de prata e cinco de bronze. Estes s\u00e3o alguns dos n\u00fameros registrados pela\u00a0 equipe paraol\u00edmpica de nata\u00e7\u00e3o do Clube Bom Pastor no \u00faltimo fim de semana na Etapa Regional Centro Leste do Circuito Loterias Caixa em Uberl\u00e2ndia (MG).<\/p>\n<p>As conquistas resultaram ainda na primeira coloca\u00e7\u00e3o do clube na classe baixa, terceira na classe alta e o pr\u00eamio de terceiro melhor treinador da competi\u00e7\u00e3o a F\u00e1bio Antunes, que dirige o time juiz-forano.<\/p>\n","protected":false},"excerpt":{"rendered":"<p>Doze atletas, 22 \u00edndices nacionais e 39 medalhas, sendo 25 de ouro, nove de prata e cinco de bronze. Estes s\u00e3o alguns dos n\u00fameros registrados pela\u00a0 equipe paraol\u00edmpica de nata\u00e7\u00e3o do Clube Bom Pastor no \u00faltimo fim de semana na Etapa Regional Centro Leste do Circuito Loterias Caixa em Uberl\u00e2ndia (MG). As conquistas resultaram ainda [&hellip;]<\/p>\n","protected":false},"author":96,"featured_media":137244,"comment_status":"closed","ping_status":"closed","sticky":false,"template":"","format":"standard","meta":{"footnotes":""},"categories":[257,439],"tags":[],"class_list":["post-137243","post","type-post","status-publish","format-standard","has-post-thumbnail","hentry","category-esporte","category-ultima-hora"],"_links":{"self":[{"href":"https:\/\/diarioregionaldigital.com.br\/index.php?rest_route=\/wp\/v2\/posts\/137243","targetHints":{"allow":["GET"]}}],"collection":[{"href":"https:\/\/diarioregionaldigital.com.br\/index.php?rest_route=\/wp\/v2\/posts"}],"about":[{"href":"https:\/\/diarioregionaldigital.com.br\/index.php?rest_route=\/wp\/v2\/types\/post"}],"author":[{"embeddable":true,"href":"https:\/\/diarioregionaldigital.com.br\/index.php?rest_route=\/wp\/v2\/users\/96"}],"replies":[{"embeddable":true,"href":"https:\/\/diarioregionaldigital.com.br\/index.php?rest_route=%2Fwp%2Fv2%2Fcomments&post=137243"}],"version-history":[{"count":0,"href":"https:\/\/diarioregionaldigital.com.br\/index.php?rest_route=\/wp\/v2\/posts\/137243\/revisions"}],"wp:featuredmedia":[{"embeddable":true,"href":"https:\/\/diarioregionaldigital.com.br\/index.php?rest_route=\/wp\/v2\/media\/137244"}],"wp:attachment":[{"href":"https:\/\/diarioregionaldigital.com.br\/index.php?rest_route=%2Fwp%2Fv2%2Fmedia&parent=137243"}],"wp:term":[{"taxonomy":"category","embeddable":true,"href":"https:\/\/diarioregionaldigital.com.br\/index.php?rest_route=%2Fwp%2Fv2%2Fcategories&post=137243"},{"taxonomy":"post_tag","embeddable":true,"href":"https:\/\/diarioregionaldigital.com.br\/index.php?rest_route=%2Fwp%2Fv2%2Ftags&post=137243"}],"curies":[{"name":"wp","href":"https:\/\/api.w.org\/{rel}","templated":true}]}}