{"id":137232,"date":"2019-04-01T19:02:39","date_gmt":"2019-04-01T22:02:39","guid":{"rendered":"https:\/\/diarioregionaldigital.com.br\/?p=137232"},"modified":"2019-04-01T19:02:39","modified_gmt":"2019-04-01T22:02:39","slug":"comissao-de-seguranca-da-camara-cobra-fiscalizacao-em-obra-de-juiz-de-fora","status":"publish","type":"post","link":"https:\/\/diarioregionaldigital.com.br\/?p=137232","title":{"rendered":"Comiss\u00e3o de Seguran\u00e7a da C\u00e2mara cobra fiscaliza\u00e7\u00e3o em obra de Juiz de Fora"},"content":{"rendered":"<p>A Representa\u00e7\u00e3o dos integrantes da Comiss\u00e3o Permanente de Seguran\u00e7a P\u00fablica da C\u00e2mara Municipal de Juiz de Fora, vereadores Sargento Mello Casal (PTB), Cido Reis (PSB), Marlon Siqueira (MDB) e Fiorilo (PTC), enviada \u00e0 Delegacia Regional do Trabalho e ao Minist\u00e9rio P\u00fablico do Trabalho solicita que sejam empenhados todos os esfor\u00e7os necess\u00e1rios para fiscalizar as condi\u00e7\u00f5es\u00a0 de trabalho dos colaboradores em uma obra localizada na Avenida Brasil, 265, no bairro Costa Carvalho.<\/p>\n<p>De acordo com a den\u00fancia, os funcion\u00e1rios trabalham no local sem o uso de EPI\u2019s (Equipamentos de Prote\u00e7\u00e3o Individual), colocando em risco a pr\u00f3pria integridade.<\/p>\n<p>A obra tem o objetivo de reformar o pr\u00e9dio para a instala\u00e7\u00e3o de equipamentos p\u00fablicos, e segundo os vereadores, j\u00e1 teve o contrato de loca\u00e7\u00e3o assinado entre a propriet\u00e1ria e a entidade p\u00fablica.<\/p>\n<p>&nbsp;<\/p>\n<p>Fonte: CMJF<\/p>\n","protected":false},"excerpt":{"rendered":"<p>A Representa\u00e7\u00e3o dos integrantes da Comiss\u00e3o Permanente de Seguran\u00e7a P\u00fablica da C\u00e2mara Municipal de Juiz de Fora, vereadores Sargento Mello Casal (PTB), Cido Reis (PSB), Marlon Siqueira (MDB) e Fiorilo (PTC), enviada \u00e0 Delegacia Regional do Trabalho e ao Minist\u00e9rio P\u00fablico do Trabalho solicita que sejam empenhados todos os esfor\u00e7os necess\u00e1rios para fiscalizar as condi\u00e7\u00f5es\u00a0 [&hellip;]<\/p>\n","protected":false},"author":96,"featured_media":130741,"comment_status":"closed","ping_status":"closed","sticky":false,"template":"","format":"standard","meta":{"footnotes":""},"categories":[253,436,439],"tags":[],"class_list":["post-137232","post","type-post","status-publish","format-standard","has-post-thumbnail","hentry","category-cidade","category-destaque-da-semana","category-ultima-hora"],"_links":{"self":[{"href":"https:\/\/diarioregionaldigital.com.br\/index.php?rest_route=\/wp\/v2\/posts\/137232","targetHints":{"allow":["GET"]}}],"collection":[{"href":"https:\/\/diarioregionaldigital.com.br\/index.php?rest_route=\/wp\/v2\/posts"}],"about":[{"href":"https:\/\/diarioregionaldigital.com.br\/index.php?rest_route=\/wp\/v2\/types\/post"}],"author":[{"embeddable":true,"href":"https:\/\/diarioregionaldigital.com.br\/index.php?rest_route=\/wp\/v2\/users\/96"}],"replies":[{"embeddable":true,"href":"https:\/\/diarioregionaldigital.com.br\/index.php?rest_route=%2Fwp%2Fv2%2Fcomments&post=137232"}],"version-history":[{"count":0,"href":"https:\/\/diarioregionaldigital.com.br\/index.php?rest_route=\/wp\/v2\/posts\/137232\/revisions"}],"wp:featuredmedia":[{"embeddable":true,"href":"https:\/\/diarioregionaldigital.com.br\/index.php?rest_route=\/wp\/v2\/media\/130741"}],"wp:attachment":[{"href":"https:\/\/diarioregionaldigital.com.br\/index.php?rest_route=%2Fwp%2Fv2%2Fmedia&parent=137232"}],"wp:term":[{"taxonomy":"category","embeddable":true,"href":"https:\/\/diarioregionaldigital.com.br\/index.php?rest_route=%2Fwp%2Fv2%2Fcategories&post=137232"},{"taxonomy":"post_tag","embeddable":true,"href":"https:\/\/diarioregionaldigital.com.br\/index.php?rest_route=%2Fwp%2Fv2%2Ftags&post=137232"}],"curies":[{"name":"wp","href":"https:\/\/api.w.org\/{rel}","templated":true}]}}