{"id":137228,"date":"2019-04-01T18:50:28","date_gmt":"2019-04-01T21:50:28","guid":{"rendered":"https:\/\/diarioregionaldigital.com.br\/?p=137228"},"modified":"2019-04-01T19:05:37","modified_gmt":"2019-04-01T22:05:37","slug":"39a-edicao-do-miss-brasil-gay-tera-pabllo-vittar-como-atracao","status":"publish","type":"post","link":"https:\/\/diarioregionaldigital.com.br\/?p=137228","title":{"rendered":"39\u00aa edi\u00e7\u00e3o do Miss Brasil Gay ter\u00e1 Pabllo Vittar como atra\u00e7\u00e3o"},"content":{"rendered":"<p>Em coletiva realizada na tarde dessa segunda-feira, dia 1\u00ba de abril, em Juiz de Fora, foi confirmada a 22\u00aa edi\u00e7\u00e3o do Rainbow Fest e a 39\u00aa edi\u00e7\u00e3o do Miss Gay Brasil Oficial. Os eventos que ocorrem anualmente de forma paralela na cidade, neste ano sofreram uma fus\u00e3o que possibilitar\u00e3o novos formatos.<\/p>\n<p>O Rainbow Fest, que teve suas \u00faltimas edi\u00e7\u00f5es realizadas na Pra\u00e7a Ant\u00f4nio Carlos, este ano ser\u00e1 transferido para o Parque Halfelde acontecer\u00e1 nos dias 16, 17 e 18 de agosto. Ser\u00e1 um evento diurno com atividades para toda a popula\u00e7\u00e3o, explica Marco Trajano, coordenador do Rainbow Fest. \u201cO Rainbow Fest acontecer\u00e1 entre os dias 16 e 18 de agosto, no Parque Halfeld, entre os hor\u00e1rios de 9 e 21 horas, com uma s\u00e9rie de atividades. Ter\u00e1 feira de modas e acess\u00f3rios, feira de ado\u00e7\u00e3o de animais, cinema na pra\u00e7a, um espa\u00e7o gourmet amplo, al\u00e9m de shows de Drag\u2019s. Ser\u00e1 uma s\u00e9rie de atividades que o p\u00fablico poder\u00e1 escolher\u201d.<\/p>\n<p>Segundo o organizador, a expectativa para este ano \u00e9 de receber cerca de 50 mil pessoas nos tr\u00eas dias, inclu\u00eddo o p\u00fablico local e turistas.<\/p>\n<p>O objetivo dos organizadores \u00e9 fazer do Rainbow um produto cultural, fomentando o turismo e melhorando a economia local, mas que traga a discuss\u00e3o de homofobia, com muita paz, luzes e cores.<\/p>\n<div id=\"attachment_137230\" style=\"width: 498px\" class=\"wp-caption aligncenter\"><img loading=\"lazy\" decoding=\"async\" aria-describedby=\"caption-attachment-137230\" class=\" wp-image-137230\" src=\"https:\/\/diarioregionaldigital.com.br\/wp-content\/uploads\/2019\/04\/RAFAELA-FRUTUOSO-USAR-ESSA-2-300x200.jpg\" alt=\"\" width=\"488\" height=\"325\" srcset=\"https:\/\/diarioregionaldigital.com.br\/wp-content\/uploads\/2019\/04\/RAFAELA-FRUTUOSO-USAR-ESSA-2-300x200.jpg 300w, https:\/\/diarioregionaldigital.com.br\/wp-content\/uploads\/2019\/04\/RAFAELA-FRUTUOSO-USAR-ESSA-2-768x512.jpg 768w, https:\/\/diarioregionaldigital.com.br\/wp-content\/uploads\/2019\/04\/RAFAELA-FRUTUOSO-USAR-ESSA-2-1024x683.jpg 1024w, https:\/\/diarioregionaldigital.com.br\/wp-content\/uploads\/2019\/04\/RAFAELA-FRUTUOSO-USAR-ESSA-2-360x240.jpg 360w\" sizes=\"auto, (max-width: 488px) 100vw, 488px\" \/><p id=\"caption-attachment-137230\" class=\"wp-caption-text\">Rainbow Fest com muita paz, luzes e cores. Foto: Rafaela Frutuoso<\/p><\/div>\n<p><strong>Miss Brasil Gay Oficial<\/strong><\/p>\n<p>Um dos principais destaques da 39\u00aa edi\u00e7\u00e3o do Miss Brasil Gay \u00e9 o show da cantora Pabllo Vittar. Ser\u00e1 a primeira vez que o evento recebe um cantor reconhecido nacionalmente e internacionalmente. Para Michel Brucce, organizador do Miss Brasil, a cantora dar\u00e1 uma nova cara para o evento. \u201cO show da Pabllo Vittar vem para incrementar o Miss, trazendo um p\u00fablico novo, que fortalece e levanta a bandeira\u201d.<\/p>\n<p>Neste ano a festa vem com uma nova cara, trazendo inova\u00e7\u00f5es tecnol\u00f3gicas para o cen\u00e1rio, com o objetivo de engrandecer o evento.<\/p>\n<p>A previs\u00e3o \u00e9 que os ingressos comecem a ser vendidos at\u00e9 o m\u00eas de junho.<\/p>\n","protected":false},"excerpt":{"rendered":"<p>Em coletiva realizada na tarde dessa segunda-feira, dia 1\u00ba de abril, em Juiz de Fora, foi confirmada a 22\u00aa edi\u00e7\u00e3o do Rainbow Fest e a 39\u00aa edi\u00e7\u00e3o do Miss Gay Brasil Oficial. Os eventos que ocorrem anualmente de forma paralela na cidade, neste ano sofreram uma fus\u00e3o que possibilitar\u00e3o novos formatos. O Rainbow Fest, que [&hellip;]<\/p>\n","protected":false},"author":96,"featured_media":137229,"comment_status":"closed","ping_status":"closed","sticky":false,"template":"","format":"standard","meta":{"footnotes":""},"categories":[253,436,440,439],"tags":[],"class_list":["post-137228","post","type-post","status-publish","format-standard","has-post-thumbnail","hentry","category-cidade","category-destaque-da-semana","category-destaques-do-dia","category-ultima-hora"],"_links":{"self":[{"href":"https:\/\/diarioregionaldigital.com.br\/index.php?rest_route=\/wp\/v2\/posts\/137228","targetHints":{"allow":["GET"]}}],"collection":[{"href":"https:\/\/diarioregionaldigital.com.br\/index.php?rest_route=\/wp\/v2\/posts"}],"about":[{"href":"https:\/\/diarioregionaldigital.com.br\/index.php?rest_route=\/wp\/v2\/types\/post"}],"author":[{"embeddable":true,"href":"https:\/\/diarioregionaldigital.com.br\/index.php?rest_route=\/wp\/v2\/users\/96"}],"replies":[{"embeddable":true,"href":"https:\/\/diarioregionaldigital.com.br\/index.php?rest_route=%2Fwp%2Fv2%2Fcomments&post=137228"}],"version-history":[{"count":0,"href":"https:\/\/diarioregionaldigital.com.br\/index.php?rest_route=\/wp\/v2\/posts\/137228\/revisions"}],"wp:featuredmedia":[{"embeddable":true,"href":"https:\/\/diarioregionaldigital.com.br\/index.php?rest_route=\/wp\/v2\/media\/137229"}],"wp:attachment":[{"href":"https:\/\/diarioregionaldigital.com.br\/index.php?rest_route=%2Fwp%2Fv2%2Fmedia&parent=137228"}],"wp:term":[{"taxonomy":"category","embeddable":true,"href":"https:\/\/diarioregionaldigital.com.br\/index.php?rest_route=%2Fwp%2Fv2%2Fcategories&post=137228"},{"taxonomy":"post_tag","embeddable":true,"href":"https:\/\/diarioregionaldigital.com.br\/index.php?rest_route=%2Fwp%2Fv2%2Ftags&post=137228"}],"curies":[{"name":"wp","href":"https:\/\/api.w.org\/{rel}","templated":true}]}}