{"id":137226,"date":"2019-04-02T06:00:48","date_gmt":"2019-04-02T09:00:48","guid":{"rendered":"https:\/\/diarioregionaldigital.com.br\/?p=137226"},"modified":"2019-04-01T18:21:55","modified_gmt":"2019-04-01T21:21:55","slug":"camara-municipal-de-matias-barbosa-licitacao-no25-02-04-19","status":"publish","type":"post","link":"https:\/\/diarioregionaldigital.com.br\/?p=137226","title":{"rendered":"C\u00e2mara Municipal de Matias Barbosa &#8211; Licita\u00e7\u00e3o n\u00ba25 &#8211; 02\/04\/19"},"content":{"rendered":"<p style=\"text-align: center;\"><strong>AVISO DE LICITA\u00c7\u00c3O<\/strong><\/p>\n<p style=\"text-align: center;\"><strong>PROCESSO LICITAT\u00d3RIO N\u00ba. 25\/2019<\/strong><\/p>\n<p style=\"text-align: center;\"><strong>PREG\u00c3O N\u00ba. 04\/2019<\/strong><\/p>\n<p><strong>OBJETO<\/strong>: Registro de Pre\u00e7os,do tipo <strong>MENOR PRE\u00c7O<\/strong>, objetivando a aquisi\u00e7\u00e3o de uniformes para os servidores, estagi\u00e1rios da C\u00e2mara Municipal de Matias Barbosa e camisas destinadas \u00e0 utiliza\u00e7\u00e3o em eventos Institucionais a serem entregues de forma parcelada em conformidade com as condi\u00e7\u00f5es e especifica\u00e7\u00f5es constantes neste edital e de seus anexos<strong>.<\/strong><\/p>\n<p><strong>SETOR REQUISITANTE:<\/strong> Presid\u00eancia da C\u00e2mara Municipal de Matias Barbosa<\/p>\n<p><strong>ENTREGA E ABERTURA DOS ENVELOPES DE \u201cHABILITA\u00c7\u00c3O\u201d E \u201cPROPOSTA <\/strong><\/p>\n<p><strong>DATA<\/strong>: 16\/04\/2019<\/p>\n<p><strong>HOR\u00c1RIO<\/strong>: 09:00 horas<\/p>\n<p><strong>LOCAL:<\/strong> Sala de reuni\u00f5es da C\u00e2mara Municipal de Matias Barbosa, situada na Avenida Engenheiro Paulo Brand\u00e3o, n\u00b0. 380, Loteamento Parque dos Sabi\u00e1s na cidade de Matias Barbosa \u2013 MG. CEP: 36.120-000.<\/p>\n<p><strong>CONSULTAS AO EDITAL E DIVULGA\u00c7\u00c3O DE INFORMA\u00c7\u00d5ES: <\/strong>No site C\u00e2mara Municipal, www.cmmb.mg.leg.br.<\/p>\n<p><strong>ESCLARECIMENTOS<\/strong>: Eventuais d\u00favidas podem ser esclarecidas atrav\u00e9s do e-mail: <a href=\"mailto:licitacao@matiasbarbosa.mg.leg.br\">licitacao@matiasbarbosa.mg.leg.br<\/a>, Fone: (32) 3273 5700 ou (32) 3273-5719.<\/p>\n","protected":false},"excerpt":{"rendered":"<p>AVISO DE LICITA\u00c7\u00c3O PROCESSO LICITAT\u00d3RIO N\u00ba. 25\/2019 PREG\u00c3O N\u00ba. 04\/2019 OBJETO: Registro de Pre\u00e7os,do tipo MENOR PRE\u00c7O, objetivando a aquisi\u00e7\u00e3o de uniformes para os servidores, estagi\u00e1rios da C\u00e2mara Municipal de Matias Barbosa e camisas destinadas \u00e0 utiliza\u00e7\u00e3o em eventos Institucionais a serem entregues de forma parcelada em conformidade com as condi\u00e7\u00f5es e especifica\u00e7\u00f5es constantes neste [&hellip;]<\/p>\n","protected":false},"author":96,"featured_media":0,"comment_status":"closed","ping_status":"closed","sticky":false,"template":"","format":"standard","meta":{"footnotes":""},"categories":[307],"tags":[],"class_list":["post-137226","post","type-post","status-publish","format-standard","hentry","category-editais"],"_links":{"self":[{"href":"https:\/\/diarioregionaldigital.com.br\/index.php?rest_route=\/wp\/v2\/posts\/137226","targetHints":{"allow":["GET"]}}],"collection":[{"href":"https:\/\/diarioregionaldigital.com.br\/index.php?rest_route=\/wp\/v2\/posts"}],"about":[{"href":"https:\/\/diarioregionaldigital.com.br\/index.php?rest_route=\/wp\/v2\/types\/post"}],"author":[{"embeddable":true,"href":"https:\/\/diarioregionaldigital.com.br\/index.php?rest_route=\/wp\/v2\/users\/96"}],"replies":[{"embeddable":true,"href":"https:\/\/diarioregionaldigital.com.br\/index.php?rest_route=%2Fwp%2Fv2%2Fcomments&post=137226"}],"version-history":[{"count":0,"href":"https:\/\/diarioregionaldigital.com.br\/index.php?rest_route=\/wp\/v2\/posts\/137226\/revisions"}],"wp:attachment":[{"href":"https:\/\/diarioregionaldigital.com.br\/index.php?rest_route=%2Fwp%2Fv2%2Fmedia&parent=137226"}],"wp:term":[{"taxonomy":"category","embeddable":true,"href":"https:\/\/diarioregionaldigital.com.br\/index.php?rest_route=%2Fwp%2Fv2%2Fcategories&post=137226"},{"taxonomy":"post_tag","embeddable":true,"href":"https:\/\/diarioregionaldigital.com.br\/index.php?rest_route=%2Fwp%2Fv2%2Ftags&post=137226"}],"curies":[{"name":"wp","href":"https:\/\/api.w.org\/{rel}","templated":true}]}}