{"id":137224,"date":"2019-04-02T06:00:24","date_gmt":"2019-04-02T09:00:24","guid":{"rendered":"https:\/\/diarioregionaldigital.com.br\/?p=137224"},"modified":"2019-04-01T20:00:42","modified_gmt":"2019-04-01T23:00:42","slug":"convocacao-yuni-previdenciarios-02-04-19","status":"publish","type":"post","link":"https:\/\/diarioregionaldigital.com.br\/?p=137224","title":{"rendered":"Convoca\u00e7\u00e3o &#8211; Yuni Previdenci\u00e1rios &#8211; 02\/04\/19"},"content":{"rendered":"<p style=\"text-align: center;\"><strong>CONDOM\u00cdNIO RESIDENCIAL YUNI PREVIDENCI\u00c1RIOS \u2013 ASSEMBLEIA GERAL ORDIN\u00c1RIA<\/strong><\/p>\n<p style=\"text-align: center;\">\u00a0Ficam todas as cond\u00f4minas e todos os cond\u00f4minos do <strong>\u201cCondom\u00ednio Residencial Yuni Previdenci\u00e1rios\u201d<\/strong> convocados para a Assembleia Geral Ordin\u00e1ria, nos termos da Conven\u00e7\u00e3o e atendendo ao Artigo 1350 do C\u00f3digo Civil Brasileiro, a realizar-se na Rua Hor\u00e1cio Alberto de Assis, n\u00ba 09, bairro Previdenci\u00e1rios (Sal\u00e3o <em>Click Festas<\/em>), no dia <strong><u>18\/04\/2019<\/u><\/strong> (quinta-feira) \u00e0s <u>18h40min<\/u> em 1\u00aa convoca\u00e7\u00e3o e \u00e0s <u>19h10min<\/u> em 2\u00aa convoca\u00e7\u00e3o (com quaisquer n\u00fameros de presentes, conforme a Conven\u00e7\u00e3o e cumprindo o C\u00f3digo Civil Brasileiro) a fim de ser deliberada a seguinte Ordem do Dia:<\/p>\n<p style=\"text-align: left;\"><strong>1.1<\/strong> Considera\u00e7\u00f5es iniciais do s\u00edndico; <strong>1.2<\/strong> Homologa\u00e7\u00e3o dos atos administrativos e seguro obrigat\u00f3rio; <strong>2<\/strong> Presta\u00e7\u00e3o de contas<strong>*<\/strong>; <strong>3<\/strong> Elei\u00e7\u00e3o de s\u00edndico, subs\u00edndico e membros do conselho; <strong>4<\/strong> Previs\u00e3o or\u00e7ament\u00e1ria e contribui\u00e7\u00e3o dos cond\u00f4minos.<\/p>\n<p style=\"text-align: left;\"><strong>\u00a0<\/strong><strong>*<\/strong><strong>Aten\u00e7\u00e3o<\/strong>: As contas\/despesas estar\u00e3o dispon\u00edveis para consulta dos cond\u00f4minos\/propriet\u00e1rios na Sede da Administradora, at\u00e9 o dia 16\/04\/2019, mediante solicita\u00e7\u00e3o de agendamento pr\u00e9vio (at\u00e9 a v\u00e9spera), pelo e-mail: <strong>yuniprevidenciarios@gmail.com <\/strong>ou <a href=\"mailto:adm@angeloeferrari.com.br\">adm@angeloeferrari.com.br<\/a>.<\/p>\n<p style=\"text-align: center;\">\u00a0Tendo em vista a relev\u00e2ncia dos assuntos a serem tratados, lembro da necessidade da participa\u00e7\u00e3o de todos titulares legalmente habilitados ou que se fa\u00e7am representar por procura\u00e7\u00e3o espec\u00edfica para essa assembleia. Esclare\u00e7o ainda, que as decis\u00f5es tomadas em assembleia impor-se-\u00e3o a todos, inclusive, aos ausentes.<\/p>\n<p style=\"text-align: center;\"><strong>S\u00edndico Marcos de Lima Schuchter. 02\/ABR\/2019.<\/strong><\/p>\n","protected":false},"excerpt":{"rendered":"<p>CONDOM\u00cdNIO RESIDENCIAL YUNI PREVIDENCI\u00c1RIOS \u2013 ASSEMBLEIA GERAL ORDIN\u00c1RIA \u00a0Ficam todas as cond\u00f4minas e todos os cond\u00f4minos do \u201cCondom\u00ednio Residencial Yuni Previdenci\u00e1rios\u201d convocados para a Assembleia Geral Ordin\u00e1ria, nos termos da Conven\u00e7\u00e3o e atendendo ao Artigo 1350 do C\u00f3digo Civil Brasileiro, a realizar-se na Rua Hor\u00e1cio Alberto de Assis, n\u00ba 09, bairro Previdenci\u00e1rios (Sal\u00e3o Click Festas), [&hellip;]<\/p>\n","protected":false},"author":96,"featured_media":0,"comment_status":"closed","ping_status":"closed","sticky":false,"template":"","format":"standard","meta":{"footnotes":""},"categories":[307],"tags":[],"class_list":["post-137224","post","type-post","status-publish","format-standard","hentry","category-editais"],"_links":{"self":[{"href":"https:\/\/diarioregionaldigital.com.br\/index.php?rest_route=\/wp\/v2\/posts\/137224","targetHints":{"allow":["GET"]}}],"collection":[{"href":"https:\/\/diarioregionaldigital.com.br\/index.php?rest_route=\/wp\/v2\/posts"}],"about":[{"href":"https:\/\/diarioregionaldigital.com.br\/index.php?rest_route=\/wp\/v2\/types\/post"}],"author":[{"embeddable":true,"href":"https:\/\/diarioregionaldigital.com.br\/index.php?rest_route=\/wp\/v2\/users\/96"}],"replies":[{"embeddable":true,"href":"https:\/\/diarioregionaldigital.com.br\/index.php?rest_route=%2Fwp%2Fv2%2Fcomments&post=137224"}],"version-history":[{"count":0,"href":"https:\/\/diarioregionaldigital.com.br\/index.php?rest_route=\/wp\/v2\/posts\/137224\/revisions"}],"wp:attachment":[{"href":"https:\/\/diarioregionaldigital.com.br\/index.php?rest_route=%2Fwp%2Fv2%2Fmedia&parent=137224"}],"wp:term":[{"taxonomy":"category","embeddable":true,"href":"https:\/\/diarioregionaldigital.com.br\/index.php?rest_route=%2Fwp%2Fv2%2Fcategories&post=137224"},{"taxonomy":"post_tag","embeddable":true,"href":"https:\/\/diarioregionaldigital.com.br\/index.php?rest_route=%2Fwp%2Fv2%2Ftags&post=137224"}],"curies":[{"name":"wp","href":"https:\/\/api.w.org\/{rel}","templated":true}]}}