{"id":137222,"date":"2019-04-02T06:00:12","date_gmt":"2019-04-02T09:00:12","guid":{"rendered":"https:\/\/diarioregionaldigital.com.br\/?p=137222"},"modified":"2019-04-01T18:16:12","modified_gmt":"2019-04-01T21:16:12","slug":"convocacao-da-associacao-de-proprietarios-e-moradores-02-04-19","status":"publish","type":"post","link":"https:\/\/diarioregionaldigital.com.br\/?p=137222","title":{"rendered":"Convoca\u00e7\u00e3o da Associa\u00e7\u00e3o de Propriet\u00e1rios e Moradores &#8211; 02\/04\/19"},"content":{"rendered":"<p style=\"text-align: center;\"><strong>Convoca\u00e7\u00e3o de Assembleia Geral<\/strong><\/p>\n<p style=\"text-align: center;\">A Associa\u00e7\u00e3o de Propriet\u00e1rios e Moradores do Bairro Bom Pastor, convoca\/convida, para a Assembleia Geral a ser realizado no dia 29 de Abril de 2019, no Sal\u00e3o Nobre do Clube Bom Pastor, \u00e0s 19:30Hs, quando ser\u00e1 apresentada para aprova\u00e7\u00e3o o novo estatuto da Associa\u00e7\u00e3o, bem como a elei\u00e7\u00e3o da nova diretoria da Associa\u00e7\u00e3o.<\/p>\n","protected":false},"excerpt":{"rendered":"<p>Convoca\u00e7\u00e3o de Assembleia Geral A Associa\u00e7\u00e3o de Propriet\u00e1rios e Moradores do Bairro Bom Pastor, convoca\/convida, para a Assembleia Geral a ser realizado no dia 29 de Abril de 2019, no Sal\u00e3o Nobre do Clube Bom Pastor, \u00e0s 19:30Hs, quando ser\u00e1 apresentada para aprova\u00e7\u00e3o o novo estatuto da Associa\u00e7\u00e3o, bem como a elei\u00e7\u00e3o da nova diretoria [&hellip;]<\/p>\n","protected":false},"author":96,"featured_media":0,"comment_status":"closed","ping_status":"closed","sticky":false,"template":"","format":"standard","meta":{"footnotes":""},"categories":[307],"tags":[],"class_list":["post-137222","post","type-post","status-publish","format-standard","hentry","category-editais"],"_links":{"self":[{"href":"https:\/\/diarioregionaldigital.com.br\/index.php?rest_route=\/wp\/v2\/posts\/137222","targetHints":{"allow":["GET"]}}],"collection":[{"href":"https:\/\/diarioregionaldigital.com.br\/index.php?rest_route=\/wp\/v2\/posts"}],"about":[{"href":"https:\/\/diarioregionaldigital.com.br\/index.php?rest_route=\/wp\/v2\/types\/post"}],"author":[{"embeddable":true,"href":"https:\/\/diarioregionaldigital.com.br\/index.php?rest_route=\/wp\/v2\/users\/96"}],"replies":[{"embeddable":true,"href":"https:\/\/diarioregionaldigital.com.br\/index.php?rest_route=%2Fwp%2Fv2%2Fcomments&post=137222"}],"version-history":[{"count":0,"href":"https:\/\/diarioregionaldigital.com.br\/index.php?rest_route=\/wp\/v2\/posts\/137222\/revisions"}],"wp:attachment":[{"href":"https:\/\/diarioregionaldigital.com.br\/index.php?rest_route=%2Fwp%2Fv2%2Fmedia&parent=137222"}],"wp:term":[{"taxonomy":"category","embeddable":true,"href":"https:\/\/diarioregionaldigital.com.br\/index.php?rest_route=%2Fwp%2Fv2%2Fcategories&post=137222"},{"taxonomy":"post_tag","embeddable":true,"href":"https:\/\/diarioregionaldigital.com.br\/index.php?rest_route=%2Fwp%2Fv2%2Ftags&post=137222"}],"curies":[{"name":"wp","href":"https:\/\/api.w.org\/{rel}","templated":true}]}}