{"id":137214,"date":"2019-04-02T06:00:12","date_gmt":"2019-04-02T09:00:12","guid":{"rendered":"https:\/\/diarioregionaldigital.com.br\/?p=137214"},"modified":"2019-04-01T18:10:17","modified_gmt":"2019-04-01T21:10:17","slug":"alegria-alegria-2","status":"publish","type":"post","link":"https:\/\/diarioregionaldigital.com.br\/?p=137214","title":{"rendered":"Alegria&#8230; Alegria"},"content":{"rendered":"<p style=\"text-align: center;\"><strong>Alegria&#8230; Alegria<\/strong><\/p>\n<p style=\"text-align: center;\">At\u00e9 28 de abril, nos finais de semana, o Independ\u00eancia Shopping est\u00e1 com programa\u00e7\u00e3o de magia e alegria com o Parque Patati-Patat\u00e1 Circo Show. Com sess\u00f5es de quinta-feira a domingo, incluindo diversos n\u00fameros circenses a atra\u00e7\u00e3o principal \u00e9 o show dos palha\u00e7os Patati e Patat\u00e1, acompanhados de personagens como Fluffy, Alegra, Amanga e Azedo.<\/p>\n<p style=\"text-align: center;\"><strong>A\u00e7\u00e3o<\/strong><\/p>\n<p style=\"text-align: center;\">Em \u00e9poca visando a P\u00e1scoa, a Sociedade S\u00e3o Vicente de Paulo est\u00e1 recolhendo chocolate para sua campanha anual. O objetivo \u00e9 juntar 180 barras de um quilo para a produ\u00e7\u00e3o de ovos a serem doados \u00e0s crian\u00e7as das fam\u00edlias assistidas.<\/p>\n<p style=\"text-align: center;\"><strong>Sa\u00fade<\/strong><\/p>\n<p style=\"text-align: center;\">O HU-UFJF\/EBSERH oferece, por meio do Programa de Transtornos Alimentares (Protal), a orienta\u00e7\u00e3o e tratamento multidisciplinar espec\u00edfico para casos de anorexia nervosa, compuls\u00e3o alimentar e bulimia. Tais patologias s\u00e3o reconhecidas e enquadradas pela Organiza\u00e7\u00e3o Mundial de Sa\u00fade (OMS) como doen\u00e7as mentais, por isso os tabus merecem ser superados e o tema discutido.<\/p>\n<p style=\"text-align: center;\"><strong>Renova\u00e7\u00e3o<\/strong><\/p>\n<p style=\"text-align: center;\">Pelo que se viu nos \u00faltimos jogos da sele\u00e7\u00e3o brasileira de futebol, ainda tem uma s\u00e9rie de problemas a resolver para formar um coletivo forte. O time passa por um per\u00edodo de renova\u00e7\u00e3o e remontagem. Para a Copa Am\u00e9rica, que ser\u00e1 disputada no Brasil, a renova\u00e7\u00e3o custar\u00e1 alto para refazer o time.<\/p>\n<div id=\"attachment_137194\" style=\"width: 690px\" class=\"wp-caption aligncenter\"><img loading=\"lazy\" decoding=\"async\" aria-describedby=\"caption-attachment-137194\" class=\"wp-image-137194\" src=\"https:\/\/diarioregionaldigital.com.br\/wp-content\/uploads\/2019\/04\/fotoa-e1554152489307.jpg\" alt=\"\" width=\"680\" height=\"495\" srcset=\"https:\/\/diarioregionaldigital.com.br\/wp-content\/uploads\/2019\/04\/fotoa-e1554152489307.jpg 864w, https:\/\/diarioregionaldigital.com.br\/wp-content\/uploads\/2019\/04\/fotoa-e1554152489307-300x218.jpg 300w, https:\/\/diarioregionaldigital.com.br\/wp-content\/uploads\/2019\/04\/fotoa-e1554152489307-768x559.jpg 768w, https:\/\/diarioregionaldigital.com.br\/wp-content\/uploads\/2019\/04\/fotoa-e1554152489307-360x262.jpg 360w\" sizes=\"auto, (max-width: 680px) 100vw, 680px\" \/><p id=\"caption-attachment-137194\" class=\"wp-caption-text\">Em sua sess\u00e3o flor de laranjeira no Aero Planet, o bonito casal Rafael Souza e Miriam Bianco<\/p><\/div>\n<div id=\"attachment_137195\" style=\"width: 690px\" class=\"wp-caption aligncenter\"><img loading=\"lazy\" decoding=\"async\" aria-describedby=\"caption-attachment-137195\" class=\"wp-image-137195\" src=\"https:\/\/diarioregionaldigital.com.br\/wp-content\/uploads\/2019\/04\/fotoaa.jpg\" alt=\"\" width=\"680\" height=\"510\" srcset=\"https:\/\/diarioregionaldigital.com.br\/wp-content\/uploads\/2019\/04\/fotoaa.jpg 480w, https:\/\/diarioregionaldigital.com.br\/wp-content\/uploads\/2019\/04\/fotoaa-300x225.jpg 300w, https:\/\/diarioregionaldigital.com.br\/wp-content\/uploads\/2019\/04\/fotoaa-360x270.jpg 360w\" sizes=\"auto, (max-width: 680px) 100vw, 680px\" \/><p id=\"caption-attachment-137195\" class=\"wp-caption-text\">No Guaru\u00e1 o empres\u00e1rio Ricardo Alex festejou anivers\u00e1rio com Eduardo Gomes, Thenner Freitas, Tiago Capuzzo e M\u00e1rcio Marques<\/p><\/div>\n<div id=\"attachment_137196\" style=\"width: 690px\" class=\"wp-caption aligncenter\"><img loading=\"lazy\" decoding=\"async\" aria-describedby=\"caption-attachment-137196\" class=\"wp-image-137196\" src=\"https:\/\/diarioregionaldigital.com.br\/wp-content\/uploads\/2019\/04\/fotob-e1554152540766.jpg\" alt=\"\" width=\"680\" height=\"494\" srcset=\"https:\/\/diarioregionaldigital.com.br\/wp-content\/uploads\/2019\/04\/fotob-e1554152540766.jpg 1169w, https:\/\/diarioregionaldigital.com.br\/wp-content\/uploads\/2019\/04\/fotob-e1554152540766-300x218.jpg 300w, https:\/\/diarioregionaldigital.com.br\/wp-content\/uploads\/2019\/04\/fotob-e1554152540766-768x558.jpg 768w, https:\/\/diarioregionaldigital.com.br\/wp-content\/uploads\/2019\/04\/fotob-e1554152540766-1024x744.jpg 1024w, https:\/\/diarioregionaldigital.com.br\/wp-content\/uploads\/2019\/04\/fotob-e1554152540766-360x261.jpg 360w\" sizes=\"auto, (max-width: 680px) 100vw, 680px\" \/><p id=\"caption-attachment-137196\" class=\"wp-caption-text\">Fazendo social na sede do Tupi, Patr\u00edcia Caniato e Telekete<\/p><\/div>\n<div id=\"attachment_137197\" style=\"width: 690px\" class=\"wp-caption aligncenter\"><img loading=\"lazy\" decoding=\"async\" aria-describedby=\"caption-attachment-137197\" class=\"wp-image-137197\" src=\"https:\/\/diarioregionaldigital.com.br\/wp-content\/uploads\/2019\/04\/fotoc-e1554152562408.jpg\" alt=\"\" width=\"680\" height=\"533\" srcset=\"https:\/\/diarioregionaldigital.com.br\/wp-content\/uploads\/2019\/04\/fotoc-e1554152562408.jpg 1319w, https:\/\/diarioregionaldigital.com.br\/wp-content\/uploads\/2019\/04\/fotoc-e1554152562408-300x235.jpg 300w, https:\/\/diarioregionaldigital.com.br\/wp-content\/uploads\/2019\/04\/fotoc-e1554152562408-768x602.jpg 768w, https:\/\/diarioregionaldigital.com.br\/wp-content\/uploads\/2019\/04\/fotoc-e1554152562408-1024x803.jpg 1024w, https:\/\/diarioregionaldigital.com.br\/wp-content\/uploads\/2019\/04\/fotoc-e1554152562408-360x282.jpg 360w\" sizes=\"auto, (max-width: 680px) 100vw, 680px\" \/><p id=\"caption-attachment-137197\" class=\"wp-caption-text\">Raquel Cruz e Silva festejou em JF seu anivers\u00e1rio com a m\u00e3e Val\u00e9ria Cruz<\/p><\/div>\n<div id=\"attachment_137198\" style=\"width: 690px\" class=\"wp-caption aligncenter\"><img loading=\"lazy\" decoding=\"async\" aria-describedby=\"caption-attachment-137198\" class=\"wp-image-137198\" src=\"https:\/\/diarioregionaldigital.com.br\/wp-content\/uploads\/2019\/04\/fotod-e1554152590987.jpg\" alt=\"\" width=\"680\" height=\"516\" srcset=\"https:\/\/diarioregionaldigital.com.br\/wp-content\/uploads\/2019\/04\/fotod-e1554152590987.jpg 1164w, https:\/\/diarioregionaldigital.com.br\/wp-content\/uploads\/2019\/04\/fotod-e1554152590987-300x228.jpg 300w, https:\/\/diarioregionaldigital.com.br\/wp-content\/uploads\/2019\/04\/fotod-e1554152590987-768x583.jpg 768w, https:\/\/diarioregionaldigital.com.br\/wp-content\/uploads\/2019\/04\/fotod-e1554152590987-1024x778.jpg 1024w, https:\/\/diarioregionaldigital.com.br\/wp-content\/uploads\/2019\/04\/fotod-e1554152590987-360x273.jpg 360w\" sizes=\"auto, (max-width: 680px) 100vw, 680px\" \/><p id=\"caption-attachment-137198\" class=\"wp-caption-text\">Na Igreja S\u00e3o Jos\u00e9, os queridos vereador Marlon Siqueira, Ivete Gomes e Padre Pierre<\/p><\/div>\n<div id=\"attachment_137200\" style=\"width: 690px\" class=\"wp-caption aligncenter\"><img loading=\"lazy\" decoding=\"async\" aria-describedby=\"caption-attachment-137200\" class=\"wp-image-137200\" src=\"https:\/\/diarioregionaldigital.com.br\/wp-content\/uploads\/2019\/04\/fotof-e1554152623115.jpg\" alt=\"\" width=\"680\" height=\"497\" srcset=\"https:\/\/diarioregionaldigital.com.br\/wp-content\/uploads\/2019\/04\/fotof-e1554152623115.jpg 1569w, https:\/\/diarioregionaldigital.com.br\/wp-content\/uploads\/2019\/04\/fotof-e1554152623115-300x219.jpg 300w, https:\/\/diarioregionaldigital.com.br\/wp-content\/uploads\/2019\/04\/fotof-e1554152623115-768x561.jpg 768w, https:\/\/diarioregionaldigital.com.br\/wp-content\/uploads\/2019\/04\/fotof-e1554152623115-1024x749.jpg 1024w, https:\/\/diarioregionaldigital.com.br\/wp-content\/uploads\/2019\/04\/fotof-e1554152623115-360x263.jpg 360w\" sizes=\"auto, (max-width: 680px) 100vw, 680px\" \/><p id=\"caption-attachment-137200\" class=\"wp-caption-text\">O advogado Wagner Daibert festejou anivers\u00e1rio no Trade Hotel ladeado de sua fam\u00edlia, Jo\u00e3o Pedro Veiga, Marielli Chrispin e Luis Felipe Veiga<\/p><\/div>\n<div id=\"attachment_137201\" style=\"width: 690px\" class=\"wp-caption aligncenter\"><img loading=\"lazy\" decoding=\"async\" aria-describedby=\"caption-attachment-137201\" class=\"wp-image-137201\" src=\"https:\/\/diarioregionaldigital.com.br\/wp-content\/uploads\/2019\/04\/fotog-e1554152683313.jpg\" alt=\"\" width=\"680\" height=\"532\" srcset=\"https:\/\/diarioregionaldigital.com.br\/wp-content\/uploads\/2019\/04\/fotog-e1554152683313.jpg 1170w, https:\/\/diarioregionaldigital.com.br\/wp-content\/uploads\/2019\/04\/fotog-e1554152683313-300x235.jpg 300w, https:\/\/diarioregionaldigital.com.br\/wp-content\/uploads\/2019\/04\/fotog-e1554152683313-768x601.jpg 768w, https:\/\/diarioregionaldigital.com.br\/wp-content\/uploads\/2019\/04\/fotog-e1554152683313-1024x801.jpg 1024w, https:\/\/diarioregionaldigital.com.br\/wp-content\/uploads\/2019\/04\/fotog-e1554152683313-360x282.jpg 360w\" sizes=\"auto, (max-width: 680px) 100vw, 680px\" \/><p id=\"caption-attachment-137201\" class=\"wp-caption-text\">No Sal\u00e3o MS, o coiffeur Carlos Badico e a nutricionista Let\u00edcia Motta<\/p><\/div>\n<div id=\"attachment_137203\" style=\"width: 690px\" class=\"wp-caption aligncenter\"><img loading=\"lazy\" decoding=\"async\" aria-describedby=\"caption-attachment-137203\" class=\"wp-image-137203\" src=\"https:\/\/diarioregionaldigital.com.br\/wp-content\/uploads\/2019\/04\/fotoi.jpg\" alt=\"\" width=\"680\" height=\"453\" srcset=\"https:\/\/diarioregionaldigital.com.br\/wp-content\/uploads\/2019\/04\/fotoi.jpg 1764w, https:\/\/diarioregionaldigital.com.br\/wp-content\/uploads\/2019\/04\/fotoi-300x200.jpg 300w, https:\/\/diarioregionaldigital.com.br\/wp-content\/uploads\/2019\/04\/fotoi-768x512.jpg 768w, https:\/\/diarioregionaldigital.com.br\/wp-content\/uploads\/2019\/04\/fotoi-1024x683.jpg 1024w, https:\/\/diarioregionaldigital.com.br\/wp-content\/uploads\/2019\/04\/fotoi-360x240.jpg 360w\" sizes=\"auto, (max-width: 680px) 100vw, 680px\" \/><p id=\"caption-attachment-137203\" class=\"wp-caption-text\">Despedindo do ver\u00e3o em lugar paradis\u00edaco em Ibiti, o jornalista Eduardo Saleme<\/p><\/div>\n<div id=\"attachment_137202\" style=\"width: 690px\" class=\"wp-caption aligncenter\"><img loading=\"lazy\" decoding=\"async\" aria-describedby=\"caption-attachment-137202\" class=\"wp-image-137202\" src=\"https:\/\/diarioregionaldigital.com.br\/wp-content\/uploads\/2019\/04\/fotoh.jpg\" alt=\"\" width=\"680\" height=\"455\" srcset=\"https:\/\/diarioregionaldigital.com.br\/wp-content\/uploads\/2019\/04\/fotoh.jpg 1758w, https:\/\/diarioregionaldigital.com.br\/wp-content\/uploads\/2019\/04\/fotoh-300x201.jpg 300w, https:\/\/diarioregionaldigital.com.br\/wp-content\/uploads\/2019\/04\/fotoh-768x514.jpg 768w, https:\/\/diarioregionaldigital.com.br\/wp-content\/uploads\/2019\/04\/fotoh-1024x685.jpg 1024w, https:\/\/diarioregionaldigital.com.br\/wp-content\/uploads\/2019\/04\/fotoh-360x241.jpg 360w\" sizes=\"auto, (max-width: 680px) 100vw, 680px\" \/><p id=\"caption-attachment-137202\" class=\"wp-caption-text\">Gente linda e poderosa, Liliane Gonzaga, M\u00e1rcio Almeida (aniversariando), Sandra Portella, P\u00e2mela Oliveira, Fabiano Garcia e Carlos Barbosa<\/p><\/div>\n<p style=\"text-align: center;\"><strong>FOTOSS\u00cdNTESE<\/strong><\/p>\n<p>Em estilo \u00fanico, ser\u00e1 no dia 13 de abril a superfeijoada da Ascomcer no Trade Hotel. Haver\u00e1 shows e stand\u2019s especiais.<\/p>\n<p>Usando t\u00e9cnicas modernas de supera\u00e7\u00e3o, inova\u00e7\u00e3o e transforma\u00e7\u00e3o, o escritor M\u00e1rio S\u00e9rgio Cortella vai aterrissar no dia 24 de abril em Juiz de Fora e faz palestra \u00e0s 20h, no Expominas\/JF.<\/p>\n<p>Em ritmo de muito alto astral, ser\u00e1 dia 7 de abril, \u00e0s 12h, o Almo\u00e7o Solid\u00e1rio em prol do Instituto Bruno. Ser\u00e1 no Sport Clube Juiz de Fora tendo \u00e0 frente a presidente Carla Dias.<\/p>\n<p>No dia 12 de abril ser\u00e1 inaugurado o Jardim Bot\u00e2nico de Juiz de Fora, na Mata do Krambeck.<\/p>\n<p>Em ritmo de as \u00e1guas v\u00e3o rolar, a Confraria do Choro promove au\u00ea no dia 10 de abril, \u00e0s 20h, no Bar da F\u00e1brica. Al\u00e9m de choro, samba e poesia ao vivo, a casa oferece um card\u00e1pio generoso de comida de boteco.<\/p>\n<p>Agendando para 5 de abril, na Sociedade de Medicina e Cirurgia de Juiz de Fora, o lan\u00e7amento do livro \u201cOs contos da minha vida\u201d, do m\u00e9dico Luiz Quinet de Andrade.<\/p>\n<p>Din\u00e2mica e atuante, a deputada e delegada Sheila Oliveira lan\u00e7ou o Projeto Aurora, um belo centro de forma\u00e7\u00e3o pol\u00edtica para mulheres.<\/p>\n<p>O arquiteto Lucas Lorhan passou e deu aquele al\u00f4.<\/p>\n<p>A banda juiz-forana Pathos lan\u00e7ou e agradou com seu segundo \u00e1lbum mesclando sonoridade diversificada.<\/p>\n<p>Para iniciar abril: \u201cA arte est\u00e1 em tudo que fazemos com dedica\u00e7\u00e3o e vontade. Est\u00e1 na causa, na consequ\u00eancia, na defesa e na justi\u00e7a que faz valer.\u201d Bom dia.<\/p>\n<p><img loading=\"lazy\" decoding=\"async\" class=\"aligncenter size-full wp-image-135792\" src=\"https:\/\/diarioregionaldigital.com.br\/wp-content\/uploads\/2019\/03\/Fashion_6x15-nova.jpg\" alt=\"\" width=\"3484\" height=\"1772\" srcset=\"https:\/\/diarioregionaldigital.com.br\/wp-content\/uploads\/2019\/03\/Fashion_6x15-nova.jpg 3484w, https:\/\/diarioregionaldigital.com.br\/wp-content\/uploads\/2019\/03\/Fashion_6x15-nova-300x153.jpg 300w, https:\/\/diarioregionaldigital.com.br\/wp-content\/uploads\/2019\/03\/Fashion_6x15-nova-768x391.jpg 768w, https:\/\/diarioregionaldigital.com.br\/wp-content\/uploads\/2019\/03\/Fashion_6x15-nova-1024x521.jpg 1024w, https:\/\/diarioregionaldigital.com.br\/wp-content\/uploads\/2019\/03\/Fashion_6x15-nova-360x183.jpg 360w\" sizes=\"auto, (max-width: 3484px) 100vw, 3484px\" \/><\/p>\n","protected":false},"excerpt":{"rendered":"<p>Alegria&#8230; Alegria At\u00e9 28 de abril, nos finais de semana, o Independ\u00eancia Shopping est\u00e1 com programa\u00e7\u00e3o de magia e alegria com o Parque Patati-Patat\u00e1 Circo Show. Com sess\u00f5es de quinta-feira a domingo, incluindo diversos n\u00fameros circenses a atra\u00e7\u00e3o principal \u00e9 o show dos palha\u00e7os Patati e Patat\u00e1, acompanhados de personagens como Fluffy, Alegra, Amanga e [&hellip;]<\/p>\n","protected":false},"author":96,"featured_media":137194,"comment_status":"closed","ping_status":"closed","sticky":false,"template":"","format":"standard","meta":{"footnotes":""},"categories":[264],"tags":[],"class_list":["post-137214","post","type-post","status-publish","format-standard","has-post-thumbnail","hentry","category-eduardo-gomes"],"_links":{"self":[{"href":"https:\/\/diarioregionaldigital.com.br\/index.php?rest_route=\/wp\/v2\/posts\/137214","targetHints":{"allow":["GET"]}}],"collection":[{"href":"https:\/\/diarioregionaldigital.com.br\/index.php?rest_route=\/wp\/v2\/posts"}],"about":[{"href":"https:\/\/diarioregionaldigital.com.br\/index.php?rest_route=\/wp\/v2\/types\/post"}],"author":[{"embeddable":true,"href":"https:\/\/diarioregionaldigital.com.br\/index.php?rest_route=\/wp\/v2\/users\/96"}],"replies":[{"embeddable":true,"href":"https:\/\/diarioregionaldigital.com.br\/index.php?rest_route=%2Fwp%2Fv2%2Fcomments&post=137214"}],"version-history":[{"count":0,"href":"https:\/\/diarioregionaldigital.com.br\/index.php?rest_route=\/wp\/v2\/posts\/137214\/revisions"}],"wp:featuredmedia":[{"embeddable":true,"href":"https:\/\/diarioregionaldigital.com.br\/index.php?rest_route=\/wp\/v2\/media\/137194"}],"wp:attachment":[{"href":"https:\/\/diarioregionaldigital.com.br\/index.php?rest_route=%2Fwp%2Fv2%2Fmedia&parent=137214"}],"wp:term":[{"taxonomy":"category","embeddable":true,"href":"https:\/\/diarioregionaldigital.com.br\/index.php?rest_route=%2Fwp%2Fv2%2Fcategories&post=137214"},{"taxonomy":"post_tag","embeddable":true,"href":"https:\/\/diarioregionaldigital.com.br\/index.php?rest_route=%2Fwp%2Fv2%2Ftags&post=137214"}],"curies":[{"name":"wp","href":"https:\/\/api.w.org\/{rel}","templated":true}]}}