{"id":137207,"date":"2019-04-01T17:35:46","date_gmt":"2019-04-01T20:35:46","guid":{"rendered":"https:\/\/diarioregionaldigital.com.br\/?p=137207"},"modified":"2019-04-01T17:35:46","modified_gmt":"2019-04-01T20:35:46","slug":"moro-diz-que-lava-jato-nao-retrocedera-durante-sua-gestao","status":"publish","type":"post","link":"https:\/\/diarioregionaldigital.com.br\/?p=137207","title":{"rendered":"Moro diz que Lava Jato n\u00e3o retroceder\u00e1 durante sua gest\u00e3o"},"content":{"rendered":"<p>O ministro da Justi\u00e7a e Seguran\u00e7a P\u00fablica, Sergio Moro, afirmou\u00a0hoje, 1o, que n\u00e3o ser\u00e1 no seu \u201cturno\u201d como ministro que a opera\u00e7\u00e3o Lava Jato vai retroceder. Moro participou do evento de lan\u00e7amento do livro <em>Corrup\u00e7\u00e3o: Lava Jato e M\u00e3os Limpas<\/em>\u00a0na sede do Jornal <em>O Estado de S\u00e3o Paulo<\/em>, na capital paulista.<\/p>\n<p>\u201cHouve um grande avan\u00e7o [com a Lava Jato], agora, \u00e9 importante que n\u00f3s transformemos isso num padr\u00e3o de comportamento, ou seja, que as pessoas tenham mais certeza de que se elas cometerem crimes no \u00e2mbito da administra\u00e7\u00e3o p\u00fablica, elas v\u00e3o ser descobertas, investigadas e, se provada a culpa, v\u00e3o ser punidas. \u00c9 para isso que n\u00f3s temos trabalhado\u201d, declarou o ministro.<\/p>\n<h2>Pacote anticrime<\/h2>\n<p>Moro preferiu n\u00e3o prever datas para a an\u00e1lise por parte do Congresso ao\u00a0projeto de lei anticrime.\u00a0\u201cTemos conversado com parlamentares e lideran\u00e7as de ambas as casas [C\u00e2mara dos Deputados e Senado]. O desejo, evidentemente, do governo \u00e9 que seja aprovado, discutido e, eventualmente, alterado e aprimorado o mais r\u00e1pido poss\u00edvel. Agora, o tempo do Congresso pertence ao Congresso. O que eu tenho sentido, por\u00e9m, em conversas com parlamentares \u00e9 uma grande receptividade. \u00c9 uma quest\u00e3o de ajustar o debate e o di\u00e1logo\u201d, disse Moro.<\/p>\n<h2>Coaf<\/h2>\n<p>O ministro justificou a transfer\u00eancia do Conselho de Controle de Atividades Financeiras (Coaf), antes vinculado ao extinto Minist\u00e9rio da Fazenda, para o seu minist\u00e9rio. De acordo com ele, o \u00f3rg\u00e3o sobrecarregaria o minist\u00e9rio da Economia. Ainda, para Moro, o Coaf estava negligenciado nos governos anteriores e a mudan\u00e7a permitiu corte de cargos na \u00e1rea administrativa, que foram direcionados para a \u00e1rea fim. Ele destacou que o \u00f3rg\u00e3o vai manter o seu car\u00e1ter\u00a0de intelig\u00eancia.<\/p>\n<p>Fonte: Ag\u00eancia Brasil<\/p>\n","protected":false},"excerpt":{"rendered":"<p>O ministro da Justi\u00e7a e Seguran\u00e7a P\u00fablica, Sergio Moro, afirmou\u00a0hoje, 1o, que n\u00e3o ser\u00e1 no seu \u201cturno\u201d como ministro que a opera\u00e7\u00e3o Lava Jato vai retroceder. Moro participou do evento de lan\u00e7amento do livro Corrup\u00e7\u00e3o: Lava Jato e M\u00e3os Limpas\u00a0na sede do Jornal O Estado de S\u00e3o Paulo, na capital paulista. \u201cHouve um grande avan\u00e7o [&hellip;]<\/p>\n","protected":false},"author":96,"featured_media":137209,"comment_status":"closed","ping_status":"closed","sticky":false,"template":"","format":"standard","meta":{"footnotes":""},"categories":[436,254,439],"tags":[],"class_list":["post-137207","post","type-post","status-publish","format-standard","has-post-thumbnail","hentry","category-destaque-da-semana","category-politica","category-ultima-hora"],"_links":{"self":[{"href":"https:\/\/diarioregionaldigital.com.br\/index.php?rest_route=\/wp\/v2\/posts\/137207","targetHints":{"allow":["GET"]}}],"collection":[{"href":"https:\/\/diarioregionaldigital.com.br\/index.php?rest_route=\/wp\/v2\/posts"}],"about":[{"href":"https:\/\/diarioregionaldigital.com.br\/index.php?rest_route=\/wp\/v2\/types\/post"}],"author":[{"embeddable":true,"href":"https:\/\/diarioregionaldigital.com.br\/index.php?rest_route=\/wp\/v2\/users\/96"}],"replies":[{"embeddable":true,"href":"https:\/\/diarioregionaldigital.com.br\/index.php?rest_route=%2Fwp%2Fv2%2Fcomments&post=137207"}],"version-history":[{"count":0,"href":"https:\/\/diarioregionaldigital.com.br\/index.php?rest_route=\/wp\/v2\/posts\/137207\/revisions"}],"wp:featuredmedia":[{"embeddable":true,"href":"https:\/\/diarioregionaldigital.com.br\/index.php?rest_route=\/wp\/v2\/media\/137209"}],"wp:attachment":[{"href":"https:\/\/diarioregionaldigital.com.br\/index.php?rest_route=%2Fwp%2Fv2%2Fmedia&parent=137207"}],"wp:term":[{"taxonomy":"category","embeddable":true,"href":"https:\/\/diarioregionaldigital.com.br\/index.php?rest_route=%2Fwp%2Fv2%2Fcategories&post=137207"},{"taxonomy":"post_tag","embeddable":true,"href":"https:\/\/diarioregionaldigital.com.br\/index.php?rest_route=%2Fwp%2Fv2%2Ftags&post=137207"}],"curies":[{"name":"wp","href":"https:\/\/api.w.org\/{rel}","templated":true}]}}