{"id":137204,"date":"2019-04-01T13:00:21","date_gmt":"2019-04-01T16:00:21","guid":{"rendered":"https:\/\/diarioregionaldigital.com.br\/?p=137204"},"modified":"2019-04-01T17:12:05","modified_gmt":"2019-04-01T20:12:05","slug":"fornecimento-de-energia-sera-interrompido-para-alguns-clientes-nos-bairros-sao-mateus-e-cascatinha-nesta-terca-feira","status":"publish","type":"post","link":"https:\/\/diarioregionaldigital.com.br\/?p=137204","title":{"rendered":"Fornecimento de energia ser\u00e1 interrompido para alguns clientes nos bairros S\u00e3o Mateus e Cascatinha nesta ter\u00e7a-feira"},"content":{"rendered":"<p>Alguns moradores dos bairros S\u00e3o Mateus e Cascatinha, localizados na zona Sul de Juiz de Fora, v\u00e3o ficar sem energia nesta ter\u00e7a-feira, 2, das 09h \u00e0s 12h.<\/p>\n<p>Segundo informa\u00e7\u00f5es da Cemig, empresa respons\u00e1vel pelo fornecimento de energia na cidade, a interrup\u00e7\u00e3o vai acontecer para que seja realizada uma manuten\u00e7\u00e3o na rede el\u00e9trica nos bairros.<\/p>\n<p>Os endere\u00e7os que v\u00e3o ficar sem energia neste per\u00edodo s\u00e3o:\u00a0\u00a0Av. Presidente Itamar Franco, 3254 \u2013 S\u00e3o Mateus; Rua Ant\u00f4nio Marinho Saraiva, entre os n\u00fameros 10 e 500 \u2013 Cascatinha.<\/p>\n<p>A Cemig ainda alerta que caso ocorra algum fato que impe\u00e7a a realiza\u00e7\u00e3o dos servi\u00e7os, essa interrup\u00e7\u00e3o poder\u00e1 ser cancelada sem pr\u00e9vio aviso.<\/p>\n<p>De acordo com a empresa, durante esse per\u00edodo, caso precise mexer na instala\u00e7\u00e3o el\u00e9trica interna de sua resid\u00eancia, o consumidor dever\u00e1 desligar antes a chave geral (disjuntor) para sua seguran\u00e7a, pois se os servi\u00e7os programados forem conclu\u00eddos antes do prazo informado, o retorno da energia el\u00e9trica poder\u00e1 ser antecipado.<\/p>\n<p>&nbsp;<\/p>\n","protected":false},"excerpt":{"rendered":"<p>Alguns moradores dos bairros S\u00e3o Mateus e Cascatinha, localizados na zona Sul de Juiz de Fora, v\u00e3o ficar sem energia nesta ter\u00e7a-feira, 2, das 09h \u00e0s 12h. Segundo informa\u00e7\u00f5es da Cemig, empresa respons\u00e1vel pelo fornecimento de energia na cidade, a interrup\u00e7\u00e3o vai acontecer para que seja realizada uma manuten\u00e7\u00e3o na rede el\u00e9trica nos bairros. Os [&hellip;]<\/p>\n","protected":false},"author":96,"featured_media":137136,"comment_status":"closed","ping_status":"closed","sticky":false,"template":"","format":"standard","meta":{"footnotes":""},"categories":[253,436,440,439],"tags":[],"class_list":["post-137204","post","type-post","status-publish","format-standard","has-post-thumbnail","hentry","category-cidade","category-destaque-da-semana","category-destaques-do-dia","category-ultima-hora"],"_links":{"self":[{"href":"https:\/\/diarioregionaldigital.com.br\/index.php?rest_route=\/wp\/v2\/posts\/137204","targetHints":{"allow":["GET"]}}],"collection":[{"href":"https:\/\/diarioregionaldigital.com.br\/index.php?rest_route=\/wp\/v2\/posts"}],"about":[{"href":"https:\/\/diarioregionaldigital.com.br\/index.php?rest_route=\/wp\/v2\/types\/post"}],"author":[{"embeddable":true,"href":"https:\/\/diarioregionaldigital.com.br\/index.php?rest_route=\/wp\/v2\/users\/96"}],"replies":[{"embeddable":true,"href":"https:\/\/diarioregionaldigital.com.br\/index.php?rest_route=%2Fwp%2Fv2%2Fcomments&post=137204"}],"version-history":[{"count":0,"href":"https:\/\/diarioregionaldigital.com.br\/index.php?rest_route=\/wp\/v2\/posts\/137204\/revisions"}],"wp:featuredmedia":[{"embeddable":true,"href":"https:\/\/diarioregionaldigital.com.br\/index.php?rest_route=\/wp\/v2\/media\/137136"}],"wp:attachment":[{"href":"https:\/\/diarioregionaldigital.com.br\/index.php?rest_route=%2Fwp%2Fv2%2Fmedia&parent=137204"}],"wp:term":[{"taxonomy":"category","embeddable":true,"href":"https:\/\/diarioregionaldigital.com.br\/index.php?rest_route=%2Fwp%2Fv2%2Fcategories&post=137204"},{"taxonomy":"post_tag","embeddable":true,"href":"https:\/\/diarioregionaldigital.com.br\/index.php?rest_route=%2Fwp%2Fv2%2Ftags&post=137204"}],"curies":[{"name":"wp","href":"https:\/\/api.w.org\/{rel}","templated":true}]}}