{"id":137191,"date":"2019-04-01T16:01:54","date_gmt":"2019-04-01T19:01:54","guid":{"rendered":"https:\/\/diarioregionaldigital.com.br\/?p=137191"},"modified":"2019-04-01T16:01:54","modified_gmt":"2019-04-01T19:01:54","slug":"projeto-que-preve-mulheres-no-servico-militar-esta-na-pauta-da-cre","status":"publish","type":"post","link":"https:\/\/diarioregionaldigital.com.br\/?p=137191","title":{"rendered":"Projeto que prev\u00ea mulheres no servi\u00e7o militar est\u00e1 na pauta da CRE"},"content":{"rendered":"<p>A Comiss\u00e3o de Rela\u00e7\u00f5es Exteriores e Defesa Nacional (CRE) analisa na quinta-feira, 4, um projeto que prev\u00ea o direito das mulheres de prestarem o servi\u00e7o militar. Pelo texto (PLS 213\/2015), da ex-senadora Vanessa Grazziotin, elas poder\u00e3o escolher prestar o servi\u00e7o militar ao completarem 18 anos, a exemplo dos jovens de sexo masculino, mas sem o car\u00e1ter obrigat\u00f3rio.<\/p>\n<p>O relator na CRE \u00e9 Marcos do Val (PPS-ES), que chamou a proposta de &#8220;louv\u00e1vel&#8221;.<\/p>\n<p>&#8220;A presta\u00e7\u00e3o desse servi\u00e7o pode, entre outras coisas, proporcionar o descobrimento de novas voca\u00e7\u00f5es para a carreira castrense. As mulheres t\u00eam plenas condi\u00e7\u00f5es de cumprir este servi\u00e7o, caso desejem. As For\u00e7as Armadas j\u00e1 admitem oficiais e pra\u00e7as do sexo feminino&#8221;, lembra o senador.<\/p>\n<p>Tal como ocorre com os homens, a proposta mant\u00e9m a preserva\u00e7\u00e3o do poder discricion\u00e1rio da autoridade competente na ado\u00e7\u00e3o do servi\u00e7o militar opcional para cada candidata, vinculando-o \u00e0 oportunidade e conveni\u00eancia de assim proceder. Caso o projeto seja aprovado, poder\u00e1 seguir para a an\u00e1lise da C\u00e2mara dos Deputados.<\/p>\n<p><strong>Rota Bioce\u00e2nica<\/strong><\/p>\n<p>Tamb\u00e9m est\u00e1 na pauta um pedido do presidente da CRE, Nelsinho Trad (PSD-MS), para tratar com autoridades de Brasil, Argentina, Chile e Paraguai sobre as dificuldades relativas \u00e0 conclus\u00e3o das obras da Rota Bioce\u00e2nica. O projeto visa estimular o com\u00e9rcio entre os pa\u00edses e reduzir os custos de setores agroexportadores. Como lembra o senador, a Rota Bioce\u00e2nica sair\u00e1 do Brasil por Mato Grosso do Sul, um dos maiores produtores rurais do pa\u00eds com foco na exporta\u00e7\u00e3o.<\/p>\n<p>&#8220;Hoje praticamente toda a produ\u00e7\u00e3o do Centro-Oeste \u00e9 escoada para os portos de Santos e Paranagu\u00e1. Buscando o mercado de consumo oriental, as cargas acabam seguindo por tr\u00eas caminhos de navega\u00e7\u00e3o: Canal do Panam\u00e1, Patag\u00f4nia ou sul da \u00c1frica. Com a conclus\u00e3o das obras do corredor bioce\u00e2nico, teremos a economia de 8 mil quil\u00f4metros de navega\u00e7\u00e3o e chegar na China at\u00e9 6 dias mais cedo&#8221;, explica.<\/p>\n<p>Nelsinho ainda acrescenta que na fronteira do Brasil com o Paraguai, na cidade de Porto Murtinho (MS), uma futura ponte \u00e9 considerada a principal obra do corredor. Hoje a travessia \u00e9 feita por pequenas balsas que n\u00e3o t\u00eam capacidade de transporte de caminh\u00f5es, e j\u00e1 existe um acordo entre os dois pa\u00edses na divis\u00e3o dos custos.<\/p>\n<p>&#8220;A conclus\u00e3o da Rota Bioce\u00e2nica reduzir\u00e1 o tempo de tr\u00e2nsito e o custo do servi\u00e7o de transportes, armazenagem e invent\u00e1rio. Al\u00e9m disso, estimular\u00e1 o uso de um novo modal para o escoamento da produ\u00e7\u00e3o, estimular\u00e1 a forma\u00e7\u00e3o de novas parcerias, assim como promover\u00e1 o desenvolvimento de projetos de integra\u00e7\u00e3o produtiva e a agrega\u00e7\u00e3o de valor nos pa\u00edses de origem e destino, assim como nos pa\u00edses de tr\u00e2nsito&#8221;, conclui Nelsinho, para quem o tema j\u00e1 come\u00e7ar\u00e1 a ser tratado na audi\u00eancia com o chanceler Ernesto Ara\u00fajo, tamb\u00e9m prevista para quinta-feira.<\/p>\n<p><strong>Aquecimento global<\/strong><\/p>\n<p>Tamb\u00e9m poder\u00e1 ser votado o requerimento de Soraya Thronicke (PSL-MS) que pede a inclus\u00e3o dos cientistas Carlos Nobre e Gylvan Meira na audi\u00eancia, j\u00e1 aprovada pela CRE, que prev\u00ea a participa\u00e7\u00e3o dos cientistas Luiz Carlos Molion e Ricardo Fel\u00edcio.<\/p>\n<p>Molion e Fel\u00edcio s\u00e3o cr\u00edticos da vis\u00e3o cient\u00edfica predominante de que a a\u00e7\u00e3o do homem sobre o planeta \u00e9 o principal agente das recentes altera\u00e7\u00f5es clim\u00e1ticas. J\u00e1 Nobre e Meira alinham-se \u00e0 posi\u00e7\u00e3o majorit\u00e1ria.<\/p>\n<p>Nobre, assim como Fel\u00edcio, faz parte dos quadros da Universidade de S\u00e3o Paulo (USP) e \u00e9 um dos poucos membros estrangeiros da Academia Estadunidense de Ci\u00eancias. Seu trabalho tem foco na dimens\u00e3o biof\u00edsica das mudan\u00e7as clim\u00e1ticas e o impacto no processo de savaniza\u00e7\u00e3o da Amaz\u00f4nia.<\/p>\n<p>Gylvan Meira tamb\u00e9m \u00e9 pesquisador da USP, tendo sido um dos principais assessores governamentais em tem\u00e1ticas sobre clima desde os anos 1970 e articulador da posi\u00e7\u00e3o brasileira na Conven\u00e7\u00e3o-Quadro das Na\u00e7\u00f5es Unidas sobre Mudan\u00e7as Clim\u00e1ticas. Foi ainda vice-presidente do Painel Intergovernamental sobre Mudan\u00e7as do Clima (IPCC).<\/p>\n<p>Por fim, tamb\u00e9m poder\u00e1 ser aprovada a cria\u00e7\u00e3o de tr\u00eas grupos parlamentares do Brasil com outros pa\u00edses. Um deles com os Estados Unidos (PRS 6\/2019), um com o Reino Unido (PRS 4\/2019) e outro com a Fran\u00e7a (PRS 17\/2019).<\/p>\n<p>&nbsp;<\/p>\n<p>Fonte: Ag\u00eancia Senado<\/p>\n","protected":false},"excerpt":{"rendered":"<p>A Comiss\u00e3o de Rela\u00e7\u00f5es Exteriores e Defesa Nacional (CRE) analisa na quinta-feira, 4, um projeto que prev\u00ea o direito das mulheres de prestarem o servi\u00e7o militar. Pelo texto (PLS 213\/2015), da ex-senadora Vanessa Grazziotin, elas poder\u00e3o escolher prestar o servi\u00e7o militar ao completarem 18 anos, a exemplo dos jovens de sexo masculino, mas sem o [&hellip;]<\/p>\n","protected":false},"author":96,"featured_media":97343,"comment_status":"closed","ping_status":"closed","sticky":false,"template":"","format":"standard","meta":{"footnotes":""},"categories":[436,254,439],"tags":[],"class_list":["post-137191","post","type-post","status-publish","format-standard","has-post-thumbnail","hentry","category-destaque-da-semana","category-politica","category-ultima-hora"],"_links":{"self":[{"href":"https:\/\/diarioregionaldigital.com.br\/index.php?rest_route=\/wp\/v2\/posts\/137191","targetHints":{"allow":["GET"]}}],"collection":[{"href":"https:\/\/diarioregionaldigital.com.br\/index.php?rest_route=\/wp\/v2\/posts"}],"about":[{"href":"https:\/\/diarioregionaldigital.com.br\/index.php?rest_route=\/wp\/v2\/types\/post"}],"author":[{"embeddable":true,"href":"https:\/\/diarioregionaldigital.com.br\/index.php?rest_route=\/wp\/v2\/users\/96"}],"replies":[{"embeddable":true,"href":"https:\/\/diarioregionaldigital.com.br\/index.php?rest_route=%2Fwp%2Fv2%2Fcomments&post=137191"}],"version-history":[{"count":0,"href":"https:\/\/diarioregionaldigital.com.br\/index.php?rest_route=\/wp\/v2\/posts\/137191\/revisions"}],"wp:featuredmedia":[{"embeddable":true,"href":"https:\/\/diarioregionaldigital.com.br\/index.php?rest_route=\/wp\/v2\/media\/97343"}],"wp:attachment":[{"href":"https:\/\/diarioregionaldigital.com.br\/index.php?rest_route=%2Fwp%2Fv2%2Fmedia&parent=137191"}],"wp:term":[{"taxonomy":"category","embeddable":true,"href":"https:\/\/diarioregionaldigital.com.br\/index.php?rest_route=%2Fwp%2Fv2%2Fcategories&post=137191"},{"taxonomy":"post_tag","embeddable":true,"href":"https:\/\/diarioregionaldigital.com.br\/index.php?rest_route=%2Fwp%2Fv2%2Ftags&post=137191"}],"curies":[{"name":"wp","href":"https:\/\/api.w.org\/{rel}","templated":true}]}}