{"id":137177,"date":"2019-04-01T14:22:49","date_gmt":"2019-04-01T17:22:49","guid":{"rendered":"https:\/\/diarioregionaldigital.com.br\/?p=137177"},"modified":"2019-04-01T14:22:49","modified_gmt":"2019-04-01T17:22:49","slug":"confianca-dos-empresarios-cai-27-pontos-de-fevereiro-para-marco","status":"publish","type":"post","link":"https:\/\/diarioregionaldigital.com.br\/?p=137177","title":{"rendered":"Confian\u00e7a dos empres\u00e1rios cai 2,7 pontos de fevereiro para mar\u00e7o"},"content":{"rendered":"<p>O \u00cdndice de Confian\u00e7a Empresarial (ICE), medido pela Funda\u00e7\u00e3o Getulio Vargas (FGV), caiu 2,7 pontos de fevereiro para mar\u00e7o deste ano. Com a queda, o indicador chegou a 94 pontos, em uma escala de zero a 200, o menor n\u00edvel desde outubro de 2018. O \u00edndice ficou 0,5 ponto abaixo de mar\u00e7o do ano passado.<\/p>\n<p>O ICE \u00e9 calculado com base em entrevistas feitas com empres\u00e1rios dos setores da ind\u00fastria, de servi\u00e7os, do com\u00e9rcio e da constru\u00e7\u00e3o.<\/p>\n<p>O \u00cdndice de Situa\u00e7\u00e3o Atual, que mede a confian\u00e7a dos empres\u00e1rios no presente, caiu 1,5 ponto em mar\u00e7o, para 89,9 pontos, voltando ao n\u00edvel de novembro de 2018. J\u00e1 o \u00cdndice de Expectativas, que mede a confian\u00e7a no futuro, caiu 2,9 pontos e fechou o trimestre em 98,1, o menor n\u00edvel desde outubro do ano passado.<\/p>\n<p>Todos os setores tiveram queda da confian\u00e7a de fevereiro para mar\u00e7o: ind\u00fastria (-1,8 ponto), servi\u00e7os (-3,5 pontos), com\u00e9rcio (-3,2 pontos) e constru\u00e7\u00e3o (-2,5 pontos). Em mar\u00e7o, a confian\u00e7a avan\u00e7ou somente em 22% dos 49 segmentos que integram o ICE. No m\u00eas passado, a dissemina\u00e7\u00e3o de alta havia alcan\u00e7ado 41% dos segmentos.<\/p>\n<p>&nbsp;<\/p>\n<p>Fonte: Ag\u00eancia Brasil<\/p>\n","protected":false},"excerpt":{"rendered":"<p>O \u00cdndice de Confian\u00e7a Empresarial (ICE), medido pela Funda\u00e7\u00e3o Getulio Vargas (FGV), caiu 2,7 pontos de fevereiro para mar\u00e7o deste ano. Com a queda, o indicador chegou a 94 pontos, em uma escala de zero a 200, o menor n\u00edvel desde outubro de 2018. O \u00edndice ficou 0,5 ponto abaixo de mar\u00e7o do ano passado. [&hellip;]<\/p>\n","protected":false},"author":96,"featured_media":135756,"comment_status":"closed","ping_status":"closed","sticky":false,"template":"","format":"standard","meta":{"footnotes":""},"categories":[436,261,439],"tags":[],"class_list":["post-137177","post","type-post","status-publish","format-standard","has-post-thumbnail","hentry","category-destaque-da-semana","category-economia","category-ultima-hora"],"_links":{"self":[{"href":"https:\/\/diarioregionaldigital.com.br\/index.php?rest_route=\/wp\/v2\/posts\/137177","targetHints":{"allow":["GET"]}}],"collection":[{"href":"https:\/\/diarioregionaldigital.com.br\/index.php?rest_route=\/wp\/v2\/posts"}],"about":[{"href":"https:\/\/diarioregionaldigital.com.br\/index.php?rest_route=\/wp\/v2\/types\/post"}],"author":[{"embeddable":true,"href":"https:\/\/diarioregionaldigital.com.br\/index.php?rest_route=\/wp\/v2\/users\/96"}],"replies":[{"embeddable":true,"href":"https:\/\/diarioregionaldigital.com.br\/index.php?rest_route=%2Fwp%2Fv2%2Fcomments&post=137177"}],"version-history":[{"count":0,"href":"https:\/\/diarioregionaldigital.com.br\/index.php?rest_route=\/wp\/v2\/posts\/137177\/revisions"}],"wp:featuredmedia":[{"embeddable":true,"href":"https:\/\/diarioregionaldigital.com.br\/index.php?rest_route=\/wp\/v2\/media\/135756"}],"wp:attachment":[{"href":"https:\/\/diarioregionaldigital.com.br\/index.php?rest_route=%2Fwp%2Fv2%2Fmedia&parent=137177"}],"wp:term":[{"taxonomy":"category","embeddable":true,"href":"https:\/\/diarioregionaldigital.com.br\/index.php?rest_route=%2Fwp%2Fv2%2Fcategories&post=137177"},{"taxonomy":"post_tag","embeddable":true,"href":"https:\/\/diarioregionaldigital.com.br\/index.php?rest_route=%2Fwp%2Fv2%2Ftags&post=137177"}],"curies":[{"name":"wp","href":"https:\/\/api.w.org\/{rel}","templated":true}]}}