{"id":137168,"date":"2019-04-01T13:44:42","date_gmt":"2019-04-01T16:44:42","guid":{"rendered":"https:\/\/diarioregionaldigital.com.br\/?p=137168"},"modified":"2019-04-01T13:54:00","modified_gmt":"2019-04-01T16:54:00","slug":"acidente-deixa-uma-pessoa-ferida-e-transito-complicado-na-avenida-dos-andradas","status":"publish","type":"post","link":"https:\/\/diarioregionaldigital.com.br\/?p=137168","title":{"rendered":"Acidente deixa uma pessoa ferida e tr\u00e2nsito complicado na Avenida dos Andradas"},"content":{"rendered":"<p>Uma colis\u00e3o entre uma moto e um ve\u00edculo Onix Branco, na manh\u00e3 desta segunda-feira, 1\u00ba de Abril, na regi\u00e3o central de Juiz de Fora, deixa um homem de 21 anos ferido.<\/p>\n<p>O acidente aconteceu por volta das 11h, na Avenida dos Andradas, na esquina da rua Ant\u00f4nio Jos\u00e9 Martins.<\/p>\n<p>Segundo testemunhas que estavam no local, o motorista do Onix, seguia do Centro em dire\u00e7\u00e3o ao Morro da Gl\u00f3ria, e tentou converter para a esquerda, sentido a rua Ant\u00f4nio Jos\u00e9 Martins, cruzando o ve\u00edculo na pista. Neste momento, a moto que seguia em sentido oposto, n\u00e3o conseguiu parar a tempo, batendo diretamente no carro.<\/p>\n<p>As informa\u00e7\u00f5es foram confirmadas pelo policial militar Sgt Sodr\u00e9, respons\u00e1vel pela ocorr\u00eancia. Segundo o sargento, a convers\u00e3o realizada pelo motorista do Onix \u00e9 permitida.<\/p>\n<div id=\"attachment_137170\" style=\"width: 514px\" class=\"wp-caption aligncenter\"><img loading=\"lazy\" decoding=\"async\" aria-describedby=\"caption-attachment-137170\" class=\" wp-image-137170\" src=\"https:\/\/diarioregionaldigital.com.br\/wp-content\/uploads\/2019\/04\/56247877_393046607945258_4837040847914532864_n-300x169.jpg\" alt=\"\" width=\"504\" height=\"284\" srcset=\"https:\/\/diarioregionaldigital.com.br\/wp-content\/uploads\/2019\/04\/56247877_393046607945258_4837040847914532864_n-300x169.jpg 300w, https:\/\/diarioregionaldigital.com.br\/wp-content\/uploads\/2019\/04\/56247877_393046607945258_4837040847914532864_n-768x432.jpg 768w, https:\/\/diarioregionaldigital.com.br\/wp-content\/uploads\/2019\/04\/56247877_393046607945258_4837040847914532864_n.jpg 1024w, https:\/\/diarioregionaldigital.com.br\/wp-content\/uploads\/2019\/04\/56247877_393046607945258_4837040847914532864_n-360x203.jpg 360w\" sizes=\"auto, (max-width: 504px) 100vw, 504px\" \/><p id=\"caption-attachment-137170\" class=\"wp-caption-text\">Foto: Felipe Siqueira<\/p><\/div>\n<p>O motociclista foi resgatado por uma equipe do corpo de bombeiros, consciente, por\u00e9m com poss\u00edvel fratura na perna. Ele foi encaminhado para o HPS.<\/p>\n<p><span style=\"font-size: 14pt;\"><strong>Tr\u00e2nsito<\/strong><\/span><\/p>\n<p>Devido o acidente, uma das pistas da Avenida dos Andradas, ficou interditada. Os carros trafegavam no local, no esquema pare-siga, que foi controlado por agentes da SETTRA.<\/p>\n<p>Os carros que trafegavam no sentido Morro da Gl\u00f3ria para Centro, tinham que desviar pela contra-m\u00e3o. Os carros menores que seguia no sentido oposto, foram desviados pela rua Mariano Proc\u00f3pio, seguindo pela rua Cosete de Alen\u00e7ar, at\u00e9 retornarem a Av. Dos Andradas. Os ve\u00edculos maiores aguardavam no esquema pare-siga.<\/p>\n","protected":false},"excerpt":{"rendered":"<p>Uma colis\u00e3o entre uma moto e um ve\u00edculo Onix Branco, na manh\u00e3 desta segunda-feira, 1\u00ba de Abril, na regi\u00e3o central de Juiz de Fora, deixa um homem de 21 anos ferido. O acidente aconteceu por volta das 11h, na Avenida dos Andradas, na esquina da rua Ant\u00f4nio Jos\u00e9 Martins. Segundo testemunhas que estavam no local, [&hellip;]<\/p>\n","protected":false},"author":96,"featured_media":137169,"comment_status":"closed","ping_status":"closed","sticky":false,"template":"","format":"standard","meta":{"footnotes":""},"categories":[253,436,440,439],"tags":[],"class_list":["post-137168","post","type-post","status-publish","format-standard","has-post-thumbnail","hentry","category-cidade","category-destaque-da-semana","category-destaques-do-dia","category-ultima-hora"],"_links":{"self":[{"href":"https:\/\/diarioregionaldigital.com.br\/index.php?rest_route=\/wp\/v2\/posts\/137168","targetHints":{"allow":["GET"]}}],"collection":[{"href":"https:\/\/diarioregionaldigital.com.br\/index.php?rest_route=\/wp\/v2\/posts"}],"about":[{"href":"https:\/\/diarioregionaldigital.com.br\/index.php?rest_route=\/wp\/v2\/types\/post"}],"author":[{"embeddable":true,"href":"https:\/\/diarioregionaldigital.com.br\/index.php?rest_route=\/wp\/v2\/users\/96"}],"replies":[{"embeddable":true,"href":"https:\/\/diarioregionaldigital.com.br\/index.php?rest_route=%2Fwp%2Fv2%2Fcomments&post=137168"}],"version-history":[{"count":0,"href":"https:\/\/diarioregionaldigital.com.br\/index.php?rest_route=\/wp\/v2\/posts\/137168\/revisions"}],"wp:featuredmedia":[{"embeddable":true,"href":"https:\/\/diarioregionaldigital.com.br\/index.php?rest_route=\/wp\/v2\/media\/137169"}],"wp:attachment":[{"href":"https:\/\/diarioregionaldigital.com.br\/index.php?rest_route=%2Fwp%2Fv2%2Fmedia&parent=137168"}],"wp:term":[{"taxonomy":"category","embeddable":true,"href":"https:\/\/diarioregionaldigital.com.br\/index.php?rest_route=%2Fwp%2Fv2%2Fcategories&post=137168"},{"taxonomy":"post_tag","embeddable":true,"href":"https:\/\/diarioregionaldigital.com.br\/index.php?rest_route=%2Fwp%2Fv2%2Ftags&post=137168"}],"curies":[{"name":"wp","href":"https:\/\/api.w.org\/{rel}","templated":true}]}}