{"id":137165,"date":"2019-03-31T23:54:53","date_gmt":"2019-04-01T02:54:53","guid":{"rendered":"https:\/\/diarioregionaldigital.com.br\/?p=137165"},"modified":"2019-03-31T23:54:53","modified_gmt":"2019-04-01T02:54:53","slug":"por-abuso-sexual-fernando-de-carvalho-lopes-e-banido-do-esporte","status":"publish","type":"post","link":"https:\/\/diarioregionaldigital.com.br\/?p=137165","title":{"rendered":"Por abuso sexual, Fernando de Carvalho Lopes \u00e9 banido do esporte"},"content":{"rendered":"<p>Fernando de Carvalho Lopes foi banido da gin\u00e1stica por decis\u00e3o do tribunal pleno do Superior Tribunal de Justi\u00e7a Desportiva (STJD) da Confedera\u00e7\u00e3o Brasileira de Gin\u00e1stica (CBG). O treinador \u00e9 acusado de abuso sexual em crian\u00e7as. Inicialmente, em decis\u00e3o pol\u00eamica em novembro passado, Fernando recebeu suspens\u00e3o de 1440 dias para qualquer tipo de envolvimento com a modalidade, al\u00e9m de uma multa de R$ 300 mil.<\/p>\n<p>Fernando de Carvalho Lopes foi banido da gin\u00e1stica por decis\u00e3o do tribunal pleno do Superior Tribunal de Justi\u00e7a Desportiva (STJD) da Confedera\u00e7\u00e3o Brasileira de Gin\u00e1stica (CBG). O treinador \u00e9 acusado de abuso sexual em crian\u00e7as. Inicialmente, em decis\u00e3o pol\u00eamica em novembro passado, Fernando recebeu suspens\u00e3o de 1440 dias para qualquer tipo de envolvimento com a modalidade, al\u00e9m de uma multa de R$ 300 mil.<\/p>\n<p>Segundo informa\u00e7\u00f5es apuradas pelo\u00a0Blog Olhar Ol\u00edmpico, do UOL, o novo julgamento aconteceu neste domingo (31), em Aracaju (SE). A decis\u00e3o anterior foi revista por conta da indigna\u00e7\u00e3o das supostas v\u00edtimas, que consideraram como insuficiente conforme a gravidade da situa\u00e7\u00e3o. Ao todo, 25 casos de mol\u00e9stia foram apresentados.<\/p>\n<p>Ainda de acordo com o Olhar Ol\u00edmpico, um artigo do estatuto da Federa\u00e7\u00e3o Internacional de Gin\u00e1stica (FIG) confirma o banimento de profissionais em casos desta propor\u00e7\u00e3o. Os advogados dos envolvidos recorreram a partir deste t\u00f3pico.<\/p>\n<p>No julgamento inicial em primeira inst\u00e2ncia, Fernando de Carvalho Lopes n\u00e3o compareceu, assim como as v\u00edtimas. O esc\u00e2ndalo surgiu ap\u00f3s den\u00fancias de abusos f\u00edsicos, morais e sexuais por parte do treinador enquanto levava a carreira no Mesc, clube particular de S\u00e3o Bernardo do Campo, em S\u00e3o Paulo. Durante este per\u00edodo, pais dos atletas entraram em contato com o Minist\u00e9rio P\u00fablico para remover o acusado das fun\u00e7\u00f5es exercidas anteriormente.<\/p>\n<p>Fernando foi afastado da equipe ol\u00edmpica do Brasil pouco tempo antes dos Jogos do Rio. Os relatos de abuso sexual foram registrados entre os anos de 2001 e 2016.<\/p>\n<p><strong>Fonte: Olimp\u00edadas todo dia <\/strong><\/p>\n","protected":false},"excerpt":{"rendered":"<p>Fernando de Carvalho Lopes foi banido da gin\u00e1stica por decis\u00e3o do tribunal pleno do Superior Tribunal de Justi\u00e7a Desportiva (STJD) da Confedera\u00e7\u00e3o Brasileira de Gin\u00e1stica (CBG). O treinador \u00e9 acusado de abuso sexual em crian\u00e7as. Inicialmente, em decis\u00e3o pol\u00eamica em novembro passado, Fernando recebeu suspens\u00e3o de 1440 dias para qualquer tipo de envolvimento com a [&hellip;]<\/p>\n","protected":false},"author":96,"featured_media":137166,"comment_status":"closed","ping_status":"closed","sticky":false,"template":"","format":"standard","meta":{"footnotes":""},"categories":[257,439],"tags":[],"class_list":["post-137165","post","type-post","status-publish","format-standard","has-post-thumbnail","hentry","category-esporte","category-ultima-hora"],"_links":{"self":[{"href":"https:\/\/diarioregionaldigital.com.br\/index.php?rest_route=\/wp\/v2\/posts\/137165","targetHints":{"allow":["GET"]}}],"collection":[{"href":"https:\/\/diarioregionaldigital.com.br\/index.php?rest_route=\/wp\/v2\/posts"}],"about":[{"href":"https:\/\/diarioregionaldigital.com.br\/index.php?rest_route=\/wp\/v2\/types\/post"}],"author":[{"embeddable":true,"href":"https:\/\/diarioregionaldigital.com.br\/index.php?rest_route=\/wp\/v2\/users\/96"}],"replies":[{"embeddable":true,"href":"https:\/\/diarioregionaldigital.com.br\/index.php?rest_route=%2Fwp%2Fv2%2Fcomments&post=137165"}],"version-history":[{"count":0,"href":"https:\/\/diarioregionaldigital.com.br\/index.php?rest_route=\/wp\/v2\/posts\/137165\/revisions"}],"wp:featuredmedia":[{"embeddable":true,"href":"https:\/\/diarioregionaldigital.com.br\/index.php?rest_route=\/wp\/v2\/media\/137166"}],"wp:attachment":[{"href":"https:\/\/diarioregionaldigital.com.br\/index.php?rest_route=%2Fwp%2Fv2%2Fmedia&parent=137165"}],"wp:term":[{"taxonomy":"category","embeddable":true,"href":"https:\/\/diarioregionaldigital.com.br\/index.php?rest_route=%2Fwp%2Fv2%2Fcategories&post=137165"},{"taxonomy":"post_tag","embeddable":true,"href":"https:\/\/diarioregionaldigital.com.br\/index.php?rest_route=%2Fwp%2Fv2%2Ftags&post=137165"}],"curies":[{"name":"wp","href":"https:\/\/api.w.org\/{rel}","templated":true}]}}