{"id":137162,"date":"2019-03-31T23:53:43","date_gmt":"2019-04-01T02:53:43","guid":{"rendered":"https:\/\/diarioregionaldigital.com.br\/?p=137162"},"modified":"2019-03-31T23:53:43","modified_gmt":"2019-04-01T02:53:43","slug":"eraldo-ex-tupyanambas-fecha-com-o-nacional-de-muriae-para-o-modulo-2","status":"publish","type":"post","link":"https:\/\/diarioregionaldigital.com.br\/?p=137162","title":{"rendered":"Eraldo ex-Tupyanamb\u00e1s fecha com o Nacional de Muria\u00e9  para o M\u00f3dulo 2"},"content":{"rendered":"<p>O Nacional de Muria\u00e9 segue refor\u00e7ando o elenco para a disputa do M\u00f3dulo 2 do Campeonato Mineiro. Nesta semana o Tricolor anunciou a chegada do atacante Eraldo, de 37 anos, que estava no Tupynamb\u00e1s, onde disputou a elite estadual.<\/p>\n<p>Na pr\u00f3xima rodada o Nacional de Muria\u00e9 enfrenta o Democrata SL, segunda-feira, \u00e0s 20h, no Soares de Azevedo.<\/p>\n<p>O time soma 13 pontos e \u00e9 quarto colocado da competi\u00e7\u00e3o estadual.<\/p>\n","protected":false},"excerpt":{"rendered":"<p>O Nacional de Muria\u00e9 segue refor\u00e7ando o elenco para a disputa do M\u00f3dulo 2 do Campeonato Mineiro. Nesta semana o Tricolor anunciou a chegada do atacante Eraldo, de 37 anos, que estava no Tupynamb\u00e1s, onde disputou a elite estadual. Na pr\u00f3xima rodada o Nacional de Muria\u00e9 enfrenta o Democrata SL, segunda-feira, \u00e0s 20h, no Soares [&hellip;]<\/p>\n","protected":false},"author":96,"featured_media":137163,"comment_status":"closed","ping_status":"closed","sticky":false,"template":"","format":"standard","meta":{"footnotes":""},"categories":[257,439],"tags":[],"class_list":["post-137162","post","type-post","status-publish","format-standard","has-post-thumbnail","hentry","category-esporte","category-ultima-hora"],"_links":{"self":[{"href":"https:\/\/diarioregionaldigital.com.br\/index.php?rest_route=\/wp\/v2\/posts\/137162","targetHints":{"allow":["GET"]}}],"collection":[{"href":"https:\/\/diarioregionaldigital.com.br\/index.php?rest_route=\/wp\/v2\/posts"}],"about":[{"href":"https:\/\/diarioregionaldigital.com.br\/index.php?rest_route=\/wp\/v2\/types\/post"}],"author":[{"embeddable":true,"href":"https:\/\/diarioregionaldigital.com.br\/index.php?rest_route=\/wp\/v2\/users\/96"}],"replies":[{"embeddable":true,"href":"https:\/\/diarioregionaldigital.com.br\/index.php?rest_route=%2Fwp%2Fv2%2Fcomments&post=137162"}],"version-history":[{"count":0,"href":"https:\/\/diarioregionaldigital.com.br\/index.php?rest_route=\/wp\/v2\/posts\/137162\/revisions"}],"wp:featuredmedia":[{"embeddable":true,"href":"https:\/\/diarioregionaldigital.com.br\/index.php?rest_route=\/wp\/v2\/media\/137163"}],"wp:attachment":[{"href":"https:\/\/diarioregionaldigital.com.br\/index.php?rest_route=%2Fwp%2Fv2%2Fmedia&parent=137162"}],"wp:term":[{"taxonomy":"category","embeddable":true,"href":"https:\/\/diarioregionaldigital.com.br\/index.php?rest_route=%2Fwp%2Fv2%2Fcategories&post=137162"},{"taxonomy":"post_tag","embeddable":true,"href":"https:\/\/diarioregionaldigital.com.br\/index.php?rest_route=%2Fwp%2Fv2%2Ftags&post=137162"}],"curies":[{"name":"wp","href":"https:\/\/api.w.org\/{rel}","templated":true}]}}