{"id":137159,"date":"2019-03-31T23:52:16","date_gmt":"2019-04-01T02:52:16","guid":{"rendered":"https:\/\/diarioregionaldigital.com.br\/?p=137159"},"modified":"2019-03-31T23:52:16","modified_gmt":"2019-04-01T02:52:16","slug":"carijo-sub-20-se-prepara-para-a-estreia-no-campeonato-mineiro","status":"publish","type":"post","link":"https:\/\/diarioregionaldigital.com.br\/?p=137159","title":{"rendered":"Carij\u00f3 Sub-20 se prepara para a estreia no Campeonato Mineiro"},"content":{"rendered":"<p><span style=\"color: #000000;\">A disputa do Campeonato Mineiro Sub-20 2019, j\u00e1 \u00e9 uma realidade para a equipe Carij\u00f3. A categoria que foi reativada no segundo semestre de 2018, e reformulada em 2019, permanece sob o comando do t\u00e9cnico Wesley Assis, e de acordo com a\u00a0<a style=\"color: #000000;\" href=\"http:\/\/fmf.esumula.com.br\/Arquivos\/ArquivosCompeticao\/1274\/Arquivo_12741841.pdf\">tabela divulgada na \u00faltima segunda, 25, \u00a0pela Federa\u00e7\u00e3o Mineira de Futebol<\/a>, o Tupi estreia em casa contra o Am\u00e9rica, no dia 14 de abril.<\/span><\/p>\n<p><span style=\"color: #000000;\">Entrando na terceira semana de prepara\u00e7\u00e3o para a competi\u00e7\u00e3o, Wesley apontou a evolu\u00e7\u00e3o dos atletas. \u201cNestas tr\u00eas semanas a equipe j\u00e1 est\u00e1 dando uma boa resposta ao nosso trabalho, principalmente e<\/span>m rela\u00e7\u00e3o ao modelo de jogo\u201d, afirmou. Atualmente o elenco \u00e9 composto por trinta atletas, que est\u00e3o em fase de observa\u00e7\u00e3o pela comiss\u00e3o t\u00e9cnica que pretende fechar o elenco em aproximadamente 27 jogadores.<\/p>\n<p>O grupo \u00e9 formado por jogadores oriundos de Juiz de Fora e regi\u00e3o, que defenderam o Carij\u00f3 na conquista do vice-Campeonato da Copa Alterosa 2018, e atletas que vieram do Figueirense, de S\u00e3o Jo\u00e3o Del Rei, que j\u00e1 conhecem a competi\u00e7\u00e3o e possuem passagem por equipes de express\u00e3o. O comandante Carij\u00f3 falou da montagem do elenco e da oportunidade para atletas locais. \u201cN\u00f3s pegamos jogadores que j\u00e1 possuem experi\u00eancia na competi\u00e7\u00e3o, que tem experi\u00eancia em ter jogado em times grandes, sem deixar de dar a oportunidade para os atletas da regi\u00e3o, da cidade, que \u00e9 um dos papeis mais importantes do nosso trabalho, o de oportunizar os atletas da cidade que tem qualidade para disputar a competi\u00e7\u00e3o\u201d. O Consultor de Futebol Andr\u00e9 Luiz tamb\u00e9m ressaltou a qualidade dos atletas. \u201cOs jogadores de S\u00e3o Jo\u00e3o possuem bastante qualidade e entrosamento, por j\u00e1 terem jogado juntos o ano passando. E vem somar com a qualidade dos atletas de Juiz de Fora, formando uma boa equipe, que tem tudo para se destacar no campeonato\u201d, disse. Quanto a seletiva, que chegou a ser anunciada e logo depois adiada por quest\u00f5es administrativas, o Consultor afirmou que \u201cpor quest\u00f5es de log\u00edstica\u201d se tornou invi\u00e1vel sua realiza\u00e7\u00e3o.<\/p>\n<p>A prepara\u00e7\u00e3o dos atletas deve se intensificar com a proximidade da estreia, sendo a parte f\u00edsica um dos pontos chaves, j\u00e1 que o alvinegro far\u00e1 8 das 15 partidas fora de casa, incluindo os confrontos com Atl\u00e9tico e Cruzeiro, fato que desgasta bastante os atletas e est\u00e1 sendo trabalhado pelo preparador f\u00edsico M\u00e1rcio Luiz dos Santos.<\/p>\n<p><strong>Rela\u00e7\u00e3o dos jogos<\/strong><\/p>\n<p>14\/04 Tupi x Am\u00e9rica<br \/>\n20\/04 Villa Nova x Tupi<br \/>\n28\/04 Tupi x Coimbra<br \/>\n04\/05 Pouso Alegre x Tupi<br \/>\n12\/05 Tupi x Boston<br \/>\n18\/05 Patrocinense x Tupi<br \/>\n26\/05 Tupi x Uni\u00e3o Luziense<br \/>\n01\/06 Democrata x Tupi<br \/>\n08\/06 Cruzeiro x Tupi<br \/>\n16\/06 Tupi x Uberl\u00e2ndia<br \/>\n21\/06 Atl\u00e9tico x Tupi<br \/>\n30\/06 Minas Boca x Tupi<br \/>\n04\/08 Tupi x Am\u00e9rica \u2013 TO<br \/>\n11\/08 Tupi x Seranense<br \/>\n17\/08 B\u00e9tis x Tupi<\/p>\n<p><strong>Fonte: Tupi FC <\/strong><\/p>\n","protected":false},"excerpt":{"rendered":"<p>A disputa do Campeonato Mineiro Sub-20 2019, j\u00e1 \u00e9 uma realidade para a equipe Carij\u00f3. A categoria que foi reativada no segundo semestre de 2018, e reformulada em 2019, permanece sob o comando do t\u00e9cnico Wesley Assis, e de acordo com a\u00a0tabela divulgada na \u00faltima segunda, 25, \u00a0pela Federa\u00e7\u00e3o Mineira de Futebol, o Tupi estreia [&hellip;]<\/p>\n","protected":false},"author":96,"featured_media":137160,"comment_status":"closed","ping_status":"closed","sticky":false,"template":"","format":"standard","meta":{"footnotes":""},"categories":[257,439],"tags":[],"class_list":["post-137159","post","type-post","status-publish","format-standard","has-post-thumbnail","hentry","category-esporte","category-ultima-hora"],"_links":{"self":[{"href":"https:\/\/diarioregionaldigital.com.br\/index.php?rest_route=\/wp\/v2\/posts\/137159","targetHints":{"allow":["GET"]}}],"collection":[{"href":"https:\/\/diarioregionaldigital.com.br\/index.php?rest_route=\/wp\/v2\/posts"}],"about":[{"href":"https:\/\/diarioregionaldigital.com.br\/index.php?rest_route=\/wp\/v2\/types\/post"}],"author":[{"embeddable":true,"href":"https:\/\/diarioregionaldigital.com.br\/index.php?rest_route=\/wp\/v2\/users\/96"}],"replies":[{"embeddable":true,"href":"https:\/\/diarioregionaldigital.com.br\/index.php?rest_route=%2Fwp%2Fv2%2Fcomments&post=137159"}],"version-history":[{"count":0,"href":"https:\/\/diarioregionaldigital.com.br\/index.php?rest_route=\/wp\/v2\/posts\/137159\/revisions"}],"wp:featuredmedia":[{"embeddable":true,"href":"https:\/\/diarioregionaldigital.com.br\/index.php?rest_route=\/wp\/v2\/media\/137160"}],"wp:attachment":[{"href":"https:\/\/diarioregionaldigital.com.br\/index.php?rest_route=%2Fwp%2Fv2%2Fmedia&parent=137159"}],"wp:term":[{"taxonomy":"category","embeddable":true,"href":"https:\/\/diarioregionaldigital.com.br\/index.php?rest_route=%2Fwp%2Fv2%2Fcategories&post=137159"},{"taxonomy":"post_tag","embeddable":true,"href":"https:\/\/diarioregionaldigital.com.br\/index.php?rest_route=%2Fwp%2Fv2%2Ftags&post=137159"}],"curies":[{"name":"wp","href":"https:\/\/api.w.org\/{rel}","templated":true}]}}