{"id":137147,"date":"2019-03-30T09:15:40","date_gmt":"2019-03-30T12:15:40","guid":{"rendered":"https:\/\/diarioregionaldigital.com.br\/?p=137147"},"modified":"2019-03-30T09:15:40","modified_gmt":"2019-03-30T12:15:40","slug":"sau-apreende-cerca-de-800-kg-de-frutas-e-doa-para-escolas-municipais","status":"publish","type":"post","link":"https:\/\/diarioregionaldigital.com.br\/?p=137147","title":{"rendered":"SAU apreende cerca de 800 kg de frutas e doa para escolas municipais"},"content":{"rendered":"<p>A Secretaria de Atividade Urbanas (SAU) da Prefeitura de Juiz de Fora (PJF) doou, por meio dos fiscais de posturas, cerca de 800 kg de frutas para duas escolas municipais da cidade. As beneficiadas foram as escolas municipais Ipiranga e a Gabriel Gon\u00e7alves da Silva, localizadas na regi\u00e3o sul de Juiz de Fora. As institui\u00e7\u00f5es, juntas, receberam 868 caixas de morango, caqui e uva.<\/p>\n<p>A a\u00e7\u00e3o \u00e9 fruto do trabalho de fiscaliza\u00e7\u00e3o, que resultou na apreens\u00e3o da mercadoria em um estabelecimento que servia de dep\u00f3sito clandestino, localizado na Rua Severino Meirelles, no Bairro Alto dos Passos, Regi\u00e3o Sul da cidade. Al\u00e9m disso, foram apreendidos 18 carrinhos. O local foi interditado e autuado por colaborar com com\u00e9rcio clandestino e n\u00e3o apresentar alvar\u00e1 de funcionamento. Os valores das multas s\u00e3o de R$ 1.956,92 e R$ 782,74, respectivamente.<\/p>\n<p>Os estabelecimentos industriais, comerciais, profissionais de qualquer natureza, inclu\u00eddos os de presta\u00e7\u00e3o de servi\u00e7os diretos, pertencentes a pessoas f\u00edsicas ou jur\u00eddicas, dentre estas as sociedades civis ou comerciais, associa\u00e7\u00f5es e institui\u00e7\u00f5es licenciadas s\u00e3o pass\u00edveis de cassa\u00e7\u00e3o do respectivo alvar\u00e1 de localiza\u00e7\u00e3o na hip\u00f3tese de servirem de dep\u00f3sito de mercadorias destinadas ao com\u00e9rcio clandestino e irregular ou colaborar com tal pr\u00e1tica de qualquer forma. A SAU est\u00e1 identificando os locais que se enquadram na pr\u00e1tica, para que as devidas provid\u00eancias sejam tomadas.<\/p>\n<p>A a\u00e7\u00e3o ocorreu\u00a0na manh\u00e3 da quinta-feira, 28.<\/p>\n<p>Fonte: PJF<\/p>\n","protected":false},"excerpt":{"rendered":"<p>A Secretaria de Atividade Urbanas (SAU) da Prefeitura de Juiz de Fora (PJF) doou, por meio dos fiscais de posturas, cerca de 800 kg de frutas para duas escolas municipais da cidade. As beneficiadas foram as escolas municipais Ipiranga e a Gabriel Gon\u00e7alves da Silva, localizadas na regi\u00e3o sul de Juiz de Fora. As institui\u00e7\u00f5es, [&hellip;]<\/p>\n","protected":false},"author":96,"featured_media":137148,"comment_status":"closed","ping_status":"closed","sticky":false,"template":"","format":"standard","meta":{"footnotes":""},"categories":[253,436,439],"tags":[],"class_list":["post-137147","post","type-post","status-publish","format-standard","has-post-thumbnail","hentry","category-cidade","category-destaque-da-semana","category-ultima-hora"],"_links":{"self":[{"href":"https:\/\/diarioregionaldigital.com.br\/index.php?rest_route=\/wp\/v2\/posts\/137147","targetHints":{"allow":["GET"]}}],"collection":[{"href":"https:\/\/diarioregionaldigital.com.br\/index.php?rest_route=\/wp\/v2\/posts"}],"about":[{"href":"https:\/\/diarioregionaldigital.com.br\/index.php?rest_route=\/wp\/v2\/types\/post"}],"author":[{"embeddable":true,"href":"https:\/\/diarioregionaldigital.com.br\/index.php?rest_route=\/wp\/v2\/users\/96"}],"replies":[{"embeddable":true,"href":"https:\/\/diarioregionaldigital.com.br\/index.php?rest_route=%2Fwp%2Fv2%2Fcomments&post=137147"}],"version-history":[{"count":0,"href":"https:\/\/diarioregionaldigital.com.br\/index.php?rest_route=\/wp\/v2\/posts\/137147\/revisions"}],"wp:featuredmedia":[{"embeddable":true,"href":"https:\/\/diarioregionaldigital.com.br\/index.php?rest_route=\/wp\/v2\/media\/137148"}],"wp:attachment":[{"href":"https:\/\/diarioregionaldigital.com.br\/index.php?rest_route=%2Fwp%2Fv2%2Fmedia&parent=137147"}],"wp:term":[{"taxonomy":"category","embeddable":true,"href":"https:\/\/diarioregionaldigital.com.br\/index.php?rest_route=%2Fwp%2Fv2%2Fcategories&post=137147"},{"taxonomy":"post_tag","embeddable":true,"href":"https:\/\/diarioregionaldigital.com.br\/index.php?rest_route=%2Fwp%2Fv2%2Ftags&post=137147"}],"curies":[{"name":"wp","href":"https:\/\/api.w.org\/{rel}","templated":true}]}}