{"id":137140,"date":"2019-03-30T09:10:03","date_gmt":"2019-03-30T12:10:03","guid":{"rendered":"https:\/\/diarioregionaldigital.com.br\/?p=137140"},"modified":"2019-03-30T09:10:03","modified_gmt":"2019-03-30T12:10:03","slug":"homem-e-vitima-de-tentativa-de-homicidio-por-divida-de-20-reais","status":"publish","type":"post","link":"https:\/\/diarioregionaldigital.com.br\/?p=137140","title":{"rendered":"Homem \u00e9 v\u00edtima de tentativa de homic\u00eddio por d\u00edvida de 20 reais"},"content":{"rendered":"<p>Um homem, 38 anos, foi v\u00edtima de tentativa de homic\u00eddio no in\u00edcio da madrugada deste s\u00e1bado, 30, ap\u00f3s uma briga no bairro Santa Luzia, na avenida de mesmo nome, em Juiz de Fora.<\/p>\n<p>Segundo informa\u00e7\u00f5es da PM, o motivo seria uma d\u00edvida de R$ 20,00. Cinco pessoas est\u00e3o envolvidas na ocorr\u00eancia. Dois homens, 18 e 23 anos, foram presos pelo crime de homic\u00eddio tentado, outros dois homens, 25 e 33, presos por desobedi\u00eancia e o \u00faltimo envolvido n\u00e3o foi localizado.<\/p>\n<p>De acordo com as informa\u00e7\u00f5es, a v\u00edtima foi socorrida pelo SAMU e encaminha ao HPS. Foram constatadas les\u00f5es na cabe\u00e7a, cortes de vaca e diversas escoria\u00e7\u00f5es pelo corpo. A v\u00edtima permaneceu internada em estado grave e corre risco de vida.<\/p>\n<p>Ainda conforme a PM, os envolvidos de 25 e 33 anos, s\u00e3o familiares dos autores que tentaram impedir que os mesmos fossem presos, desacatando os militares e por este motivo foi dado voz de pris\u00e3o por desobedi\u00eancia.<\/p>\n","protected":false},"excerpt":{"rendered":"<p>Um homem, 38 anos, foi v\u00edtima de tentativa de homic\u00eddio no in\u00edcio da madrugada deste s\u00e1bado, 30, ap\u00f3s uma briga no bairro Santa Luzia, na avenida de mesmo nome, em Juiz de Fora. Segundo informa\u00e7\u00f5es da PM, o motivo seria uma d\u00edvida de R$ 20,00. Cinco pessoas est\u00e3o envolvidas na ocorr\u00eancia. Dois homens, 18 e [&hellip;]<\/p>\n","protected":false},"author":96,"featured_media":95836,"comment_status":"closed","ping_status":"closed","sticky":false,"template":"","format":"standard","meta":{"footnotes":""},"categories":[301,436,439],"tags":[],"class_list":["post-137140","post","type-post","status-publish","format-standard","has-post-thumbnail","hentry","category-artigos-policiais","category-destaque-da-semana","category-ultima-hora"],"_links":{"self":[{"href":"https:\/\/diarioregionaldigital.com.br\/index.php?rest_route=\/wp\/v2\/posts\/137140","targetHints":{"allow":["GET"]}}],"collection":[{"href":"https:\/\/diarioregionaldigital.com.br\/index.php?rest_route=\/wp\/v2\/posts"}],"about":[{"href":"https:\/\/diarioregionaldigital.com.br\/index.php?rest_route=\/wp\/v2\/types\/post"}],"author":[{"embeddable":true,"href":"https:\/\/diarioregionaldigital.com.br\/index.php?rest_route=\/wp\/v2\/users\/96"}],"replies":[{"embeddable":true,"href":"https:\/\/diarioregionaldigital.com.br\/index.php?rest_route=%2Fwp%2Fv2%2Fcomments&post=137140"}],"version-history":[{"count":0,"href":"https:\/\/diarioregionaldigital.com.br\/index.php?rest_route=\/wp\/v2\/posts\/137140\/revisions"}],"wp:featuredmedia":[{"embeddable":true,"href":"https:\/\/diarioregionaldigital.com.br\/index.php?rest_route=\/wp\/v2\/media\/95836"}],"wp:attachment":[{"href":"https:\/\/diarioregionaldigital.com.br\/index.php?rest_route=%2Fwp%2Fv2%2Fmedia&parent=137140"}],"wp:term":[{"taxonomy":"category","embeddable":true,"href":"https:\/\/diarioregionaldigital.com.br\/index.php?rest_route=%2Fwp%2Fv2%2Fcategories&post=137140"},{"taxonomy":"post_tag","embeddable":true,"href":"https:\/\/diarioregionaldigital.com.br\/index.php?rest_route=%2Fwp%2Fv2%2Ftags&post=137140"}],"curies":[{"name":"wp","href":"https:\/\/api.w.org\/{rel}","templated":true}]}}