{"id":137139,"date":"2019-03-30T09:03:24","date_gmt":"2019-03-30T12:03:24","guid":{"rendered":"https:\/\/diarioregionaldigital.com.br\/?p=137139"},"modified":"2019-03-30T09:03:24","modified_gmt":"2019-03-30T12:03:24","slug":"bolsonaro-embarca-para-israel-e-busca-acordos-em-areas-estrategicas","status":"publish","type":"post","link":"https:\/\/diarioregionaldigital.com.br\/?p=137139","title":{"rendered":"Bolsonaro embarca para Israel e busca acordos em \u00e1reas estrat\u00e9gicas"},"content":{"rendered":"<p>O presidente Jair Bolsonaro embarca hoje, 30, para uma visita oficial de tr\u00eas dias a Israel. A viagem retribui a vinda ao Brasil do primeiro-ministro israelense,\u00a0Benjamin Netanyahu, que prestigiou Bolsonaro durante a posse, no dia 1\u00ba de janeiro. Ambos se encontram amanh\u00e3 em Tel\u00a0Aviv. Segundo a Presid\u00eancia da Rep\u00fablica, Bolsonaro pode assinar at\u00e9 quatro acordos de coopera\u00e7\u00e3o com o governo israelense, em \u00e1reas como defesa, servi\u00e7os a\u00e9reos,\u00a0sa\u00fade e ci\u00eancia e tecnologia.<\/p>\n<p>Bolsonaro ser\u00e1 acompanhado por uma comitiva formada pelos ministros Ernesto Ara\u00fajo (Rela\u00e7\u00f5es Exteriores), Bento Costa Lima (Minas e Energia), Marcos Pontes (Ci\u00eancia,\u00a0Tecnologia, Informa\u00e7\u00e3o e Comunica\u00e7\u00f5es), Augusto Heleno (Gabinete de Seguran\u00e7a Institucional), al\u00e9m do tenente-brigadeiro do ar Raul Botelho, chefe do Estado-Maior\u00a0conjunto das For\u00e7as Armadas, e do secret\u00e1rio da Pesca, Jorge Seif. O grupo ainda inclui os senadores Chico Rodrigues (DEM-RR), Fl\u00e1vio Bolsonaro (PSL-RJ) e Soraya\u00a0Thronicke (PSL-MS) e a deputada federal Bia Kicis (PSL-DF).<\/p>\n<p>O tempo total de voo at\u00e9 Israel \u00e9 de aproximadamente 20 horas. A comitiva presidencial parte \u00e0s 13h da Base A\u00e9rea de Bras\u00edlia e faz uma escala t\u00e9cnica em Las\u00a0Palmas, no arquip\u00e9lago espanhol das Can\u00e1rias. A chegada ao aeroporto de Ben Gurion, em Tel Aviv, est\u00e1 prevista para as 10h de\u00a0domingo\u00a0(31).<\/p>\n<h2>Cronograma<\/h2>\n<p>Bolsonaro e Netanyahu devem\u00a0ter\u00a0um encontro privado na tarde de\u00a0domingo, seguido por uma cerim\u00f4nia de assinatura de acordos de coopera\u00e7\u00e3o e, em seguida, uma declara\u00e7\u00e3o\u00a0\u00e0 imprensa.<\/p>\n<p>Est\u00e1 prevista a assinatura dos seguintes atos conjuntos entre os dois governos:<\/p>\n<p>&#8211; Acordo de coopera\u00e7\u00e3o em ci\u00eancia e tecnologia, que tem o objetivo desenvolver, facilitar e maximizar a coopera\u00e7\u00e3o entre institui\u00e7\u00f5es cient\u00edficas e tecnol\u00f3gicas de\u00a0ambos os pa\u00edses;<\/p>\n<p>&#8211; Acordo de coopera\u00e7\u00e3o na \u00e1rea de seguran\u00e7a p\u00fablica;<\/p>\n<p>&#8211; Acordo coopera\u00e7\u00e3o em quest\u00f5es relacionadas a defesa;<\/p>\n<p>&#8211; Acordo sobre servi\u00e7os a\u00e9reos, com prop\u00f3sito de estabelecer e explorar servi\u00e7os a\u00e9reos entre os dois territ\u00f3rios;<\/p>\n<p>&#8211; Memorando de entendimento entre o Gabinete de Seguran\u00e7a Institucional (GSI) e a Autoridade Nacional de Cyberseguran\u00e7a de Israel (INCD), na \u00e1rea de seguran\u00e7a digital;<\/p>\n<p>&#8211; Plano de coopera\u00e7\u00e3o na \u00e1rea de sa\u00fade e medicina entre minist\u00e9rios de Sa\u00fade dos dois pa\u00edses, para os anos de 2019-2022.<\/p>\n<h2>Agenda<\/h2>\n<p>A agenda do dia termina com um jantar oferecido pelo primeiro-ministro de Israel ao presidente brasileiro. No dia seguinte, a comitiva brasileira\u00a0visita a Unidade de\u00a0Contraterrorismo da pol\u00edcia israelense, onde deve acompanhar uma demonstra\u00e7\u00e3o pr\u00e1tica de a\u00e7\u00f5es executadas pela divis\u00e3o de seguran\u00e7a.<\/p>\n<p>Na sequ\u00eancia, Bolsonaro faz uma visita e preside uma cerim\u00f4nia de condecora\u00e7\u00e3o da equipe de resgate de Israel que esteve em Brumadinho, ap\u00f3s o rompimento da barragem\u00a0da mineradora Vale. Os integrantes da Brigada de Busca e Salvamento do Comando da Frente Interna de Israel receber\u00e3o do presidente a Ins\u00edgnia da Ordem Nacional do Cruzeiro do\u00a0Sul, que \u00e9 a maior distin\u00e7\u00e3o dada pelo governo brasileiro a estrangeiros que prestaram relevantes servi\u00e7os ao pa\u00eds.<\/p>\n<p>No mesmo dia, em Jerusal\u00e9m, Bolsonaro faz uma visita ao Muro das Lamenta\u00e7\u00f5es, o segundo local mais importante do juda\u00edsmo. O local foi constru\u00eddo com parte do muro do templo de Herodes, levantado pelos judeus ap\u00f3s anos de cativeiro.<\/p>\n<h2>Pen\u00faltimo dia<\/h2>\n<p>Na\u00a0ter\u00e7a-feira (2), Bolsonaro toma caf\u00e9 da manh\u00e3 com dirigentes de\u00a0<em>startups\u00a0<\/em>brasileiras e israelenses e depois participa de um encontro entre empres\u00e1rios dos dois\u00a0pa\u00edses. O presidente deve ainda visitar uma exposi\u00e7\u00e3o de produtos de empresas de inova\u00e7\u00e3o e um centro industrial de alta tecnologia.<\/p>\n<p>\u00c0 tarde, a comitiva presidencial visita o Centro de Mem\u00f3ria do Holocausto Yad Vashem\u00a0e uma exposi\u00e7\u00e3o de fotos com a mesma tem\u00e1tica. Jair Bolsonaro dever\u00e1\u00a0participar de uma cerim\u00f4nia de deposi\u00e7\u00e3o de flores e visita ao Bosque das Na\u00e7\u00f5es, em Jerusal\u00e9m, em homenagem a diplomatas brasileiros que ajudaram as v\u00edtimas do nazismo.<\/p>\n<p>O presidente retorna ao Brasil na\u00a0quarta-feira, 3. Antes do embarque, ele deve se reunir com brasileiros que residem na cidade israelense de Raanana.<\/p>\n<p>Fonte: Ag\u00eancia Brasil<\/p>\n","protected":false},"excerpt":{"rendered":"<p>O presidente Jair Bolsonaro embarca hoje, 30, para uma visita oficial de tr\u00eas dias a Israel. A viagem retribui a vinda ao Brasil do primeiro-ministro israelense,\u00a0Benjamin Netanyahu, que prestigiou Bolsonaro durante a posse, no dia 1\u00ba de janeiro. Ambos se encontram amanh\u00e3 em Tel\u00a0Aviv. Segundo a Presid\u00eancia da Rep\u00fablica, Bolsonaro pode assinar at\u00e9 quatro acordos [&hellip;]<\/p>\n","protected":false},"author":96,"featured_media":137144,"comment_status":"closed","ping_status":"closed","sticky":false,"template":"","format":"standard","meta":{"footnotes":""},"categories":[436,254,439],"tags":[],"class_list":["post-137139","post","type-post","status-publish","format-standard","has-post-thumbnail","hentry","category-destaque-da-semana","category-politica","category-ultima-hora"],"_links":{"self":[{"href":"https:\/\/diarioregionaldigital.com.br\/index.php?rest_route=\/wp\/v2\/posts\/137139","targetHints":{"allow":["GET"]}}],"collection":[{"href":"https:\/\/diarioregionaldigital.com.br\/index.php?rest_route=\/wp\/v2\/posts"}],"about":[{"href":"https:\/\/diarioregionaldigital.com.br\/index.php?rest_route=\/wp\/v2\/types\/post"}],"author":[{"embeddable":true,"href":"https:\/\/diarioregionaldigital.com.br\/index.php?rest_route=\/wp\/v2\/users\/96"}],"replies":[{"embeddable":true,"href":"https:\/\/diarioregionaldigital.com.br\/index.php?rest_route=%2Fwp%2Fv2%2Fcomments&post=137139"}],"version-history":[{"count":0,"href":"https:\/\/diarioregionaldigital.com.br\/index.php?rest_route=\/wp\/v2\/posts\/137139\/revisions"}],"wp:featuredmedia":[{"embeddable":true,"href":"https:\/\/diarioregionaldigital.com.br\/index.php?rest_route=\/wp\/v2\/media\/137144"}],"wp:attachment":[{"href":"https:\/\/diarioregionaldigital.com.br\/index.php?rest_route=%2Fwp%2Fv2%2Fmedia&parent=137139"}],"wp:term":[{"taxonomy":"category","embeddable":true,"href":"https:\/\/diarioregionaldigital.com.br\/index.php?rest_route=%2Fwp%2Fv2%2Fcategories&post=137139"},{"taxonomy":"post_tag","embeddable":true,"href":"https:\/\/diarioregionaldigital.com.br\/index.php?rest_route=%2Fwp%2Fv2%2Ftags&post=137139"}],"curies":[{"name":"wp","href":"https:\/\/api.w.org\/{rel}","templated":true}]}}