{"id":137138,"date":"2019-03-30T08:57:52","date_gmt":"2019-03-30T11:57:52","guid":{"rendered":"https:\/\/diarioregionaldigital.com.br\/?p=137138"},"modified":"2019-03-30T08:57:52","modified_gmt":"2019-03-30T11:57:52","slug":"juiza-do-df-proibe-comemoracoes-alusivas-ao-31-de-marco-de-1964","status":"publish","type":"post","link":"https:\/\/diarioregionaldigital.com.br\/?p=137138","title":{"rendered":"Ju\u00edza do DF pro\u00edbe comemora\u00e7\u00f5es alusivas ao 31 de mar\u00e7o de 1964"},"content":{"rendered":"<p>A ju\u00edza Ivani Silva da Luz, da 6\u00aa Vara da Justi\u00e7a Federal em Bras\u00edlia, proibiu nessa sexta, 29, as comemora\u00e7\u00f5es do anivers\u00e1rio de 55 anos da institui\u00e7\u00e3o do regime militar\u00a0no domingo, 31. Em nove p\u00e1ginas, a magistrada reitera a necessidade de \u201cserenidade e equil\u00edbrio das institui\u00e7\u00f5es\u201d no pa\u00eds.<\/p>\n<p>Leia a \u00edntegra da decis\u00e3o:<\/p>\n<div class=\"dnd-widget-wrapper context-cheio_8colunas type-file\">\n<div class=\"dnd-atom-rendered\"><img decoding=\"async\" class=\"scald-file-icon\" src=\"http:\/\/agenciabrasil.ebc.com.br\/sites\/all\/modules\/drupal\/scald_file\/icons\/application_pdf.png\" alt=\"file type icon\" \/>\u00a0<a title=\"decisaojudicial31031964.pdf\" href=\"http:\/\/agenciabrasil.ebc.com.br\/sites\/default\/files\/atoms\/files\/decisaojudicial31031964.pdf\">decisaojudicial31031964.pdf<\/a><\/div>\n<div class=\"dnd-caption-wrapper\"><\/div>\n<\/div>\n<p>&#8220;Defiro o pedido de tutela de urg\u00eancia para determinar \u00e0 Uni\u00e3o que se abstenha da ordem do dia alusiva ao 31 de mar\u00e7o de 1964, prevista pelo ministro da Defesa e comandantes do Ex\u00e9rcito, Marinha e Aeron\u00e1utica&#8221;, decidiu.<\/p>\n<p>Por recomenda\u00e7\u00e3o do presidente Jair Bolsonaro, as unidades militares devem ler a ordem do dia para relembrar a data, que teve in\u00edcio o per\u00edodo militar, que durou 21 anos (1964 a 1985).<\/p>\n<p>A a\u00e7\u00e3o\u00a0foi movida pela Defensoria P\u00fablica da Uni\u00e3o (DPU).<\/p>\n<h2>Outro lado<\/h2>\n<p>O porta-voz da Presid\u00eancia, Ot\u00e1vio R\u00eago Barros, disse, a respeito da decis\u00e3o, que o governo n\u00e3o tinha nada a comentar. &#8220;O que n\u00f3s t\u00ednhamos falado ao longo da semana foi colocado de forma clara. N\u00e3o temos mais nada a adiantar&#8221;, afirmou.<\/p>\n<p>Para o ministro Marco Aur\u00e9lio Mello, do Supremo Tribunal Federal (STF), n\u00e3o h\u00e1 espa\u00e7o para celebra\u00e7\u00f5es no pr\u00f3ximo domingo.<\/p>\n<p>\u201cN\u00e3o h\u00e1 espa\u00e7o em si para comemora\u00e7\u00e3o. H\u00e1 espa\u00e7o para a mem\u00f3ria\u201d, afirmou o ministro, que participou de um semin\u00e1rio no Tribunal de Justi\u00e7a do Rio de Janeiro, no qual fez palestra sobre seguran\u00e7a jur\u00eddica.<\/p>\n<p>&nbsp;<\/p>\n<p>Fonte: Ag\u00eancia Brasil<\/p>\n","protected":false},"excerpt":{"rendered":"<p>A ju\u00edza Ivani Silva da Luz, da 6\u00aa Vara da Justi\u00e7a Federal em Bras\u00edlia, proibiu nessa sexta, 29, as comemora\u00e7\u00f5es do anivers\u00e1rio de 55 anos da institui\u00e7\u00e3o do regime militar\u00a0no domingo, 31. Em nove p\u00e1ginas, a magistrada reitera a necessidade de \u201cserenidade e equil\u00edbrio das institui\u00e7\u00f5es\u201d no pa\u00eds. Leia a \u00edntegra da decis\u00e3o: \u00a0decisaojudicial31031964.pdf &#8220;Defiro [&hellip;]<\/p>\n","protected":false},"author":96,"featured_media":97709,"comment_status":"closed","ping_status":"closed","sticky":false,"template":"","format":"standard","meta":{"footnotes":""},"categories":[302,436,439],"tags":[],"class_list":["post-137138","post","type-post","status-publish","format-standard","has-post-thumbnail","hentry","category-brasil-mundo","category-destaque-da-semana","category-ultima-hora"],"_links":{"self":[{"href":"https:\/\/diarioregionaldigital.com.br\/index.php?rest_route=\/wp\/v2\/posts\/137138","targetHints":{"allow":["GET"]}}],"collection":[{"href":"https:\/\/diarioregionaldigital.com.br\/index.php?rest_route=\/wp\/v2\/posts"}],"about":[{"href":"https:\/\/diarioregionaldigital.com.br\/index.php?rest_route=\/wp\/v2\/types\/post"}],"author":[{"embeddable":true,"href":"https:\/\/diarioregionaldigital.com.br\/index.php?rest_route=\/wp\/v2\/users\/96"}],"replies":[{"embeddable":true,"href":"https:\/\/diarioregionaldigital.com.br\/index.php?rest_route=%2Fwp%2Fv2%2Fcomments&post=137138"}],"version-history":[{"count":0,"href":"https:\/\/diarioregionaldigital.com.br\/index.php?rest_route=\/wp\/v2\/posts\/137138\/revisions"}],"wp:featuredmedia":[{"embeddable":true,"href":"https:\/\/diarioregionaldigital.com.br\/index.php?rest_route=\/wp\/v2\/media\/97709"}],"wp:attachment":[{"href":"https:\/\/diarioregionaldigital.com.br\/index.php?rest_route=%2Fwp%2Fv2%2Fmedia&parent=137138"}],"wp:term":[{"taxonomy":"category","embeddable":true,"href":"https:\/\/diarioregionaldigital.com.br\/index.php?rest_route=%2Fwp%2Fv2%2Fcategories&post=137138"},{"taxonomy":"post_tag","embeddable":true,"href":"https:\/\/diarioregionaldigital.com.br\/index.php?rest_route=%2Fwp%2Fv2%2Ftags&post=137138"}],"curies":[{"name":"wp","href":"https:\/\/api.w.org\/{rel}","templated":true}]}}