{"id":137135,"date":"2019-03-30T08:41:21","date_gmt":"2019-03-30T11:41:21","guid":{"rendered":"https:\/\/diarioregionaldigital.com.br\/?p=137135"},"modified":"2019-03-30T08:41:21","modified_gmt":"2019-03-30T11:41:21","slug":"consumo-de-energia-eletrica-cresce-46-em-fevereiro","status":"publish","type":"post","link":"https:\/\/diarioregionaldigital.com.br\/?p=137135","title":{"rendered":"Consumo de energia el\u00e9trica cresce 4,6% em fevereiro"},"content":{"rendered":"<p>O consumo de energia el\u00e9trica no Brasil cresceu 4,6% em fevereiro, em compara\u00e7\u00e3o ao mesmo m\u00eas do ano passado, de acordo com a<em>\u00a0Resenha Mensal do Mercado de Energia El\u00e9trica<\/em>, divulgada nessa sexta-feira, 29, pela Empresa de Pesquisa Energ\u00e9tica (EPE), vinculada ao Minist\u00e9rio de Minas e Energia. No acumulado de 12 meses, houve aumento de 1,7%. No primeiro bimestre de 2019, a alta no consumo foi de 4,4%, em rela\u00e7\u00e3o a igual per\u00edodo de 2018.<\/p>\n<p>\u00c0 exce\u00e7\u00e3o da Regi\u00e3o Norte, cujo consumo de energia caiu 9,3% em fevereiro, motivado pela redu\u00e7\u00e3o do consumo industrial no segmento de metalurgia dos metais n\u00e3o ferrosos (-22,4%), as demais regi\u00f5es brasileiras mostraram expans\u00e3o do consumo. A maior eleva\u00e7\u00e3o foi registrada no Centro-Oeste (9,1%) do pa\u00eds. O Nordeste e o Sul tiveram aumento de 6,9% e 6,5%, respectivamente, enquanto na Regi\u00e3o Sudeste o consumo cresceu 4,4%.<\/p>\n<p>A an\u00e1lise por classes de clientes revela que a maior alta em fevereiro foi verificada no consumo residencial (9,2%), seguida do comercial (7,2%), devido \u00e0s altas temperaturas, acima de 28 graus Celsius na maioria das capitais, que levaram ao uso mais intenso de equipamentos como ar-condicionado e ventiladores. De acordo com a EPE, o consumo registrado na classe residencial foi o mais elevado dos \u00faltimos cinco anos. Em janeiro, o consumo das resid\u00eancias atingiu 8%.<\/p>\n<p>Na classe industrial, ao contr\u00e1rio, houve queda de 2,1% no consumo de energia el\u00e9trica, em raz\u00e3o da redu\u00e7\u00e3o observada nos segmentos extrativo mineral met\u00e1lico (-16,4%), fabrica\u00e7\u00e3o de papel e celulose (-5,6%) e metalurgia (-5,5%).<\/p>\n<p>Fonte: Ag\u00eancia Brasil<\/p>\n","protected":false},"excerpt":{"rendered":"<p>O consumo de energia el\u00e9trica no Brasil cresceu 4,6% em fevereiro, em compara\u00e7\u00e3o ao mesmo m\u00eas do ano passado, de acordo com a\u00a0Resenha Mensal do Mercado de Energia El\u00e9trica, divulgada nessa sexta-feira, 29, pela Empresa de Pesquisa Energ\u00e9tica (EPE), vinculada ao Minist\u00e9rio de Minas e Energia. No acumulado de 12 meses, houve aumento de 1,7%. [&hellip;]<\/p>\n","protected":false},"author":96,"featured_media":137136,"comment_status":"closed","ping_status":"closed","sticky":false,"template":"","format":"standard","meta":{"footnotes":""},"categories":[436,261,439],"tags":[],"class_list":["post-137135","post","type-post","status-publish","format-standard","has-post-thumbnail","hentry","category-destaque-da-semana","category-economia","category-ultima-hora"],"_links":{"self":[{"href":"https:\/\/diarioregionaldigital.com.br\/index.php?rest_route=\/wp\/v2\/posts\/137135","targetHints":{"allow":["GET"]}}],"collection":[{"href":"https:\/\/diarioregionaldigital.com.br\/index.php?rest_route=\/wp\/v2\/posts"}],"about":[{"href":"https:\/\/diarioregionaldigital.com.br\/index.php?rest_route=\/wp\/v2\/types\/post"}],"author":[{"embeddable":true,"href":"https:\/\/diarioregionaldigital.com.br\/index.php?rest_route=\/wp\/v2\/users\/96"}],"replies":[{"embeddable":true,"href":"https:\/\/diarioregionaldigital.com.br\/index.php?rest_route=%2Fwp%2Fv2%2Fcomments&post=137135"}],"version-history":[{"count":0,"href":"https:\/\/diarioregionaldigital.com.br\/index.php?rest_route=\/wp\/v2\/posts\/137135\/revisions"}],"wp:featuredmedia":[{"embeddable":true,"href":"https:\/\/diarioregionaldigital.com.br\/index.php?rest_route=\/wp\/v2\/media\/137136"}],"wp:attachment":[{"href":"https:\/\/diarioregionaldigital.com.br\/index.php?rest_route=%2Fwp%2Fv2%2Fmedia&parent=137135"}],"wp:term":[{"taxonomy":"category","embeddable":true,"href":"https:\/\/diarioregionaldigital.com.br\/index.php?rest_route=%2Fwp%2Fv2%2Fcategories&post=137135"},{"taxonomy":"post_tag","embeddable":true,"href":"https:\/\/diarioregionaldigital.com.br\/index.php?rest_route=%2Fwp%2Fv2%2Ftags&post=137135"}],"curies":[{"name":"wp","href":"https:\/\/api.w.org\/{rel}","templated":true}]}}