{"id":137132,"date":"2019-03-30T07:34:53","date_gmt":"2019-03-30T10:34:53","guid":{"rendered":"https:\/\/diarioregionaldigital.com.br\/?p=137132"},"modified":"2019-03-30T08:36:52","modified_gmt":"2019-03-30T11:36:52","slug":"settra-autua-cinco-veiculos-do-transporte-escolar-por-irregularidades","status":"publish","type":"post","link":"https:\/\/diarioregionaldigital.com.br\/?p=137132","title":{"rendered":"Settra autua cinco ve\u00edculos do transporte escolar por irregularidades"},"content":{"rendered":"<p>A Secretaria de Transporte e Tr\u00e2nsito (Settra), atrav\u00e9s do Departamento de Fiscaliza\u00e7\u00e3o de Transporte e Tr\u00e2nsito (DFTT), realizou, na manh\u00e3 desta sexta-feira, 29, fiscaliza\u00e7\u00e3o do transporte escolar. A a\u00e7\u00e3o aconteceu pr\u00f3ximo ao Col\u00e9gio de Aplica\u00e7\u00e3o Jo\u00e3o XXIII e da Escola Municipal Professor Nilo Camilo. Foram 34 ve\u00edculos verificados, e cinco infra\u00e7\u00f5es administrativas foram registradas.<\/p>\n<p>A atividade \u00e9 rotineira e visa a garantir a seguran\u00e7a do transporte escolar e coibir irregularidades. Das vans autuadas, uma foi por pneu recapeado, duas pela utiliza\u00e7\u00e3o de pel\u00edcula escura no vidro e duas por aus\u00eancia de auxiliar.<\/p>\n<p>Durante a fiscaliza\u00e7\u00e3o, os agentes do DFTT verificam documenta\u00e7\u00e3o do ve\u00edculo; presen\u00e7a do acompanhante; itens de seguran\u00e7a, por exemplo, cinto de seguran\u00e7a e limitadores nas janelas; higiene e conforto; al\u00e9m de infra\u00e7\u00f5es de tr\u00e2nsito.<\/p>\n<p><b>Central de Opera\u00e7\u00f5es<\/b><\/p>\n<p>Den\u00fancias, elogios ou sugest\u00f5es relacionados ao servi\u00e7o de transporte coletivo ou escolar podem ser feitos \u00e0 Settra, atrav\u00e9s do 3690-8218, ou do settraatende@pjf.mg.gov.br. Em caso de flagrantes de infra\u00e7\u00e3o de tr\u00e2nsito, a equipe de agentes de fiscaliza\u00e7\u00e3o pode ser acionada atrav\u00e9s do 3690-7400.<\/p>\n<p>Fonte: PJF<\/p>\n","protected":false},"excerpt":{"rendered":"<p>A Secretaria de Transporte e Tr\u00e2nsito (Settra), atrav\u00e9s do Departamento de Fiscaliza\u00e7\u00e3o de Transporte e Tr\u00e2nsito (DFTT), realizou, na manh\u00e3 desta sexta-feira, 29, fiscaliza\u00e7\u00e3o do transporte escolar. A a\u00e7\u00e3o aconteceu pr\u00f3ximo ao Col\u00e9gio de Aplica\u00e7\u00e3o Jo\u00e3o XXIII e da Escola Municipal Professor Nilo Camilo. Foram 34 ve\u00edculos verificados, e cinco infra\u00e7\u00f5es administrativas foram registradas. A [&hellip;]<\/p>\n","protected":false},"author":96,"featured_media":137133,"comment_status":"closed","ping_status":"closed","sticky":false,"template":"","format":"standard","meta":{"footnotes":""},"categories":[253,436,440,439],"tags":[],"class_list":["post-137132","post","type-post","status-publish","format-standard","has-post-thumbnail","hentry","category-cidade","category-destaque-da-semana","category-destaques-do-dia","category-ultima-hora"],"_links":{"self":[{"href":"https:\/\/diarioregionaldigital.com.br\/index.php?rest_route=\/wp\/v2\/posts\/137132","targetHints":{"allow":["GET"]}}],"collection":[{"href":"https:\/\/diarioregionaldigital.com.br\/index.php?rest_route=\/wp\/v2\/posts"}],"about":[{"href":"https:\/\/diarioregionaldigital.com.br\/index.php?rest_route=\/wp\/v2\/types\/post"}],"author":[{"embeddable":true,"href":"https:\/\/diarioregionaldigital.com.br\/index.php?rest_route=\/wp\/v2\/users\/96"}],"replies":[{"embeddable":true,"href":"https:\/\/diarioregionaldigital.com.br\/index.php?rest_route=%2Fwp%2Fv2%2Fcomments&post=137132"}],"version-history":[{"count":0,"href":"https:\/\/diarioregionaldigital.com.br\/index.php?rest_route=\/wp\/v2\/posts\/137132\/revisions"}],"wp:featuredmedia":[{"embeddable":true,"href":"https:\/\/diarioregionaldigital.com.br\/index.php?rest_route=\/wp\/v2\/media\/137133"}],"wp:attachment":[{"href":"https:\/\/diarioregionaldigital.com.br\/index.php?rest_route=%2Fwp%2Fv2%2Fmedia&parent=137132"}],"wp:term":[{"taxonomy":"category","embeddable":true,"href":"https:\/\/diarioregionaldigital.com.br\/index.php?rest_route=%2Fwp%2Fv2%2Fcategories&post=137132"},{"taxonomy":"post_tag","embeddable":true,"href":"https:\/\/diarioregionaldigital.com.br\/index.php?rest_route=%2Fwp%2Fv2%2Ftags&post=137132"}],"curies":[{"name":"wp","href":"https:\/\/api.w.org\/{rel}","templated":true}]}}