{"id":137128,"date":"2019-03-30T07:59:37","date_gmt":"2019-03-30T10:59:37","guid":{"rendered":"https:\/\/diarioregionaldigital.com.br\/?p=137128"},"modified":"2019-03-30T07:59:37","modified_gmt":"2019-03-30T10:59:37","slug":"trio-e-detido-durante-a-operacao-contra-o-trafico-de-drogas-em-rio-pomba","status":"publish","type":"post","link":"https:\/\/diarioregionaldigital.com.br\/?p=137128","title":{"rendered":"Trio \u00e9 detido durante a opera\u00e7\u00e3o contra o tr\u00e1fico de drogas em Rio Pomba"},"content":{"rendered":"<p>Um homem de 52 anos, outro de 19 anos e uma mulher de 22 anos foram presos durante a opera\u00e7\u00e3o &#8220;Dinamite&#8221;, deflagrada ela Pol\u00edcia Civil em Rio Pomba.<\/p>\n<p>A a\u00e7\u00e3o, que ocorreu nessa sexta-feira, 29, teve apoio da Pol\u00edcia Militar. O objetivo era desarticular o tr\u00e1fico de drogas no bairro conhecido como &#8220;Pedreira&#8221;.<\/p>\n<p>Na a\u00e7\u00e3o, decorrente de investiga\u00e7\u00f5es da Delegacia da comarca de Rio Pomba, o trio foi presos em flagrante. O jovem por posse ilegal de arma de fogo, a mulher, pelo crime de tr\u00e1fico de drogas, e o homem em virtude de mandado de pris\u00e3o. Al\u00e9m disso, foram apreendidos quatro barras de maconha, uma pedra m\u00e9dia de crack, uma garrucha calibre 32, materiais para embalagem e refino de drogas e celulares.<\/p>\n<p>A opera\u00e7\u00e3o tamb\u00e9m contou com o apoio de policiais civis de Ub\u00e1 e de Merc\u00eas. Os autores foram conduzidos para a Delegacia.<\/p>\n","protected":false},"excerpt":{"rendered":"<p>Um homem de 52 anos, outro de 19 anos e uma mulher de 22 anos foram presos durante a opera\u00e7\u00e3o &#8220;Dinamite&#8221;, deflagrada ela Pol\u00edcia Civil em Rio Pomba. A a\u00e7\u00e3o, que ocorreu nessa sexta-feira, 29, teve apoio da Pol\u00edcia Militar. O objetivo era desarticular o tr\u00e1fico de drogas no bairro conhecido como &#8220;Pedreira&#8221;. Na a\u00e7\u00e3o, [&hellip;]<\/p>\n","protected":false},"author":96,"featured_media":137129,"comment_status":"closed","ping_status":"closed","sticky":false,"template":"","format":"standard","meta":{"footnotes":""},"categories":[301,436,440,439],"tags":[],"class_list":["post-137128","post","type-post","status-publish","format-standard","has-post-thumbnail","hentry","category-artigos-policiais","category-destaque-da-semana","category-destaques-do-dia","category-ultima-hora"],"_links":{"self":[{"href":"https:\/\/diarioregionaldigital.com.br\/index.php?rest_route=\/wp\/v2\/posts\/137128","targetHints":{"allow":["GET"]}}],"collection":[{"href":"https:\/\/diarioregionaldigital.com.br\/index.php?rest_route=\/wp\/v2\/posts"}],"about":[{"href":"https:\/\/diarioregionaldigital.com.br\/index.php?rest_route=\/wp\/v2\/types\/post"}],"author":[{"embeddable":true,"href":"https:\/\/diarioregionaldigital.com.br\/index.php?rest_route=\/wp\/v2\/users\/96"}],"replies":[{"embeddable":true,"href":"https:\/\/diarioregionaldigital.com.br\/index.php?rest_route=%2Fwp%2Fv2%2Fcomments&post=137128"}],"version-history":[{"count":0,"href":"https:\/\/diarioregionaldigital.com.br\/index.php?rest_route=\/wp\/v2\/posts\/137128\/revisions"}],"wp:featuredmedia":[{"embeddable":true,"href":"https:\/\/diarioregionaldigital.com.br\/index.php?rest_route=\/wp\/v2\/media\/137129"}],"wp:attachment":[{"href":"https:\/\/diarioregionaldigital.com.br\/index.php?rest_route=%2Fwp%2Fv2%2Fmedia&parent=137128"}],"wp:term":[{"taxonomy":"category","embeddable":true,"href":"https:\/\/diarioregionaldigital.com.br\/index.php?rest_route=%2Fwp%2Fv2%2Fcategories&post=137128"},{"taxonomy":"post_tag","embeddable":true,"href":"https:\/\/diarioregionaldigital.com.br\/index.php?rest_route=%2Fwp%2Fv2%2Ftags&post=137128"}],"curies":[{"name":"wp","href":"https:\/\/api.w.org\/{rel}","templated":true}]}}