{"id":137124,"date":"2019-03-30T07:38:18","date_gmt":"2019-03-30T10:38:18","guid":{"rendered":"https:\/\/diarioregionaldigital.com.br\/?p=137124"},"modified":"2019-03-30T07:38:18","modified_gmt":"2019-03-30T10:38:18","slug":"lei-aumenta-seguranca-em-viagens-de-criancas-e-adolescentes","status":"publish","type":"post","link":"https:\/\/diarioregionaldigital.com.br\/?p=137124","title":{"rendered":"Lei aumenta seguran\u00e7a em viagens de crian\u00e7as e adolescentes"},"content":{"rendered":"<p>Desde o \u00faltimo dia 18 de mar\u00e7o, nenhuma crian\u00e7a ou adolescente menor de 16 anos poder\u00e1 viajar para fora da cidade onde reside desacompanhado dos pais ou respons\u00e1veis, sem a autoriza\u00e7\u00e3o judicial.<\/p>\n<p>A nova regra foi estabelecida pela Lei Federal 13.812\/2019, que institui a Pol\u00edtica Nacional de Busca de Pessoas Desaparecidas e cria o Cadastro Nacional de Pessoas Desaparecidas.<\/p>\n<p>Ainda, como medida preventiva, a nova lei modificou o artigo 83 do Estatuto da Crian\u00e7a e do Adolescente, Lei 8.069\/1990, que regula as viagens de crian\u00e7as e adolescente em territ\u00f3rio nacional.<\/p>\n<p>Antes dessa altera\u00e7\u00e3o, a restri\u00e7\u00e3o para viagens desacompanhadas dos pais alcan\u00e7ava somente as crian\u00e7as menores de 12 anos.<\/p>\n<p>De acordo com Denise Pires da Costa,\u00a0coordenadora do Comissariado da Vara C\u00edvel da Inf\u00e2ncia e da Juventude de Belo Horizonte, o artigo do ECA p\u00f4de ser alterado porque ambas as leis t\u00eam o mesmo grau de hierarquia.<\/p>\n<p>Para os menores de 16 anos que forem viajar acompanhados de parentes como av\u00f3s, irm\u00e3os ou tios, basta apresentar, no momento de embarque, um documento que comprove o parentesco.<\/p>\n<p>Quando a viagem for acompanhada por parentes distantes ou amigos, as autoriza\u00e7\u00f5es podem ser emitidas pelos pr\u00f3prios respons\u00e1veis, por\u00e9m devem ter a assinatura reconhecida em cart\u00f3rio.<\/p>\n<p>Quando o adolescente for viajar desacompanhado de um respons\u00e1vel, a autoriza\u00e7\u00e3o dever\u00e1 ser emitida pela Vara C\u00edvel da Inf\u00e2ncia e da Juventude.<\/p>\n<p>Essa autoriza\u00e7\u00e3o pode ser facilmente obtida pelos respons\u00e1veis, bastando comparecer pessoalmente a um dos postos do comissariado de menores, com a autoriza\u00e7\u00e3o preenchida e os documentos comprobat\u00f3rios.<\/p>\n<p>Os pr\u00f3prios comiss\u00e1rios t\u00eam compet\u00eancia delegada pelo juiz da vara da inf\u00e2ncia para autorizar a viagem.<\/p>\n<p>Denise Pires lembra que as regras para hospedagem de crian\u00e7as ou adolescentes desacompanhados ou na companhia de terceiros n\u00e3o mudaram. Continua necess\u00e1ria a autoriza\u00e7\u00e3o expressa ao estabelecimento de hospedagem, autenticada em cart\u00f3rio.<\/p>\n<p>A coordenadora destaca que todas essas regras s\u00e3o importantes para preven\u00e7\u00e3o de desaparecimento, abusos e explora\u00e7\u00e3o de crian\u00e7as e adolescentes.<\/p>\n<p>Saiba mais no portal do TJMG. Na aba &#8220;Cidad\u00e3o&#8221;, clique em\u00a0&#8220;Servi\u00e7os&#8221; e, em seguida, na op\u00e7\u00e3o &#8220;Autoriza\u00e7\u00e3o para viagens\u00a0de crian\u00e7as e adolescentes&#8221;.<\/p>\n<p>Fonte: TJMG<\/p>\n","protected":false},"excerpt":{"rendered":"<p>Desde o \u00faltimo dia 18 de mar\u00e7o, nenhuma crian\u00e7a ou adolescente menor de 16 anos poder\u00e1 viajar para fora da cidade onde reside desacompanhado dos pais ou respons\u00e1veis, sem a autoriza\u00e7\u00e3o judicial. A nova regra foi estabelecida pela Lei Federal 13.812\/2019, que institui a Pol\u00edtica Nacional de Busca de Pessoas Desaparecidas e cria o Cadastro [&hellip;]<\/p>\n","protected":false},"author":96,"featured_media":137126,"comment_status":"closed","ping_status":"closed","sticky":false,"template":"","format":"standard","meta":{"footnotes":""},"categories":[302,436,439],"tags":[],"class_list":["post-137124","post","type-post","status-publish","format-standard","has-post-thumbnail","hentry","category-brasil-mundo","category-destaque-da-semana","category-ultima-hora"],"_links":{"self":[{"href":"https:\/\/diarioregionaldigital.com.br\/index.php?rest_route=\/wp\/v2\/posts\/137124","targetHints":{"allow":["GET"]}}],"collection":[{"href":"https:\/\/diarioregionaldigital.com.br\/index.php?rest_route=\/wp\/v2\/posts"}],"about":[{"href":"https:\/\/diarioregionaldigital.com.br\/index.php?rest_route=\/wp\/v2\/types\/post"}],"author":[{"embeddable":true,"href":"https:\/\/diarioregionaldigital.com.br\/index.php?rest_route=\/wp\/v2\/users\/96"}],"replies":[{"embeddable":true,"href":"https:\/\/diarioregionaldigital.com.br\/index.php?rest_route=%2Fwp%2Fv2%2Fcomments&post=137124"}],"version-history":[{"count":0,"href":"https:\/\/diarioregionaldigital.com.br\/index.php?rest_route=\/wp\/v2\/posts\/137124\/revisions"}],"wp:featuredmedia":[{"embeddable":true,"href":"https:\/\/diarioregionaldigital.com.br\/index.php?rest_route=\/wp\/v2\/media\/137126"}],"wp:attachment":[{"href":"https:\/\/diarioregionaldigital.com.br\/index.php?rest_route=%2Fwp%2Fv2%2Fmedia&parent=137124"}],"wp:term":[{"taxonomy":"category","embeddable":true,"href":"https:\/\/diarioregionaldigital.com.br\/index.php?rest_route=%2Fwp%2Fv2%2Fcategories&post=137124"},{"taxonomy":"post_tag","embeddable":true,"href":"https:\/\/diarioregionaldigital.com.br\/index.php?rest_route=%2Fwp%2Fv2%2Ftags&post=137124"}],"curies":[{"name":"wp","href":"https:\/\/api.w.org\/{rel}","templated":true}]}}