{"id":137119,"date":"2019-03-30T07:22:30","date_gmt":"2019-03-30T10:22:30","guid":{"rendered":"https:\/\/diarioregionaldigital.com.br\/?p=137119"},"modified":"2019-03-30T07:22:30","modified_gmt":"2019-03-30T10:22:30","slug":"iml-identifica-217a-vitima-do-rompimento-de-brumadinho","status":"publish","type":"post","link":"https:\/\/diarioregionaldigital.com.br\/?p=137119","title":{"rendered":"IML identifica 217\u00aa v\u00edtima do rompimento de Brumadinho"},"content":{"rendered":"<p>O Instituto M\u00e9dio Legal (IML) de Minas Gerais identificou nessa sexta-feira, 29), a 217\u00aa v\u00edtima do rompimento da barragem de Brumadinho, ocorrida em janeiro passado. De acordo com a Defesa Civil, 87 pessoas est\u00e3o desaparecidas.<\/p>\n<p>Segundo o Corpo de Bombeiros de Minas Gerais, at\u00e9 o momento, as buscas envolveram 1.850 militares, 31 aeronaves, e 22 equipes com c\u00e3es de busca. Em m\u00e9dia 75 m\u00e1quinas pesadas e sete drones est\u00e3o sendo usados em campo, por dia. A regi\u00e3o de busca onde foram encontrados mais corpos foi a \u00e1rea administrativa (43 corpos).<\/p>\n<p>Militares do Corpo de Bombeiros de 12 unidades da federa\u00e7\u00e3o participaram da opera\u00e7\u00e3o de buscas, al\u00e9m da For\u00e7a Nacional, For\u00e7as Armadas, o Ex\u00e9rcito de Israel e volunt\u00e1rios.<\/p>\n<p>Fonte: Ag\u00eancia Brasil<\/p>\n","protected":false},"excerpt":{"rendered":"<p>O Instituto M\u00e9dio Legal (IML) de Minas Gerais identificou nessa sexta-feira, 29), a 217\u00aa v\u00edtima do rompimento da barragem de Brumadinho, ocorrida em janeiro passado. De acordo com a Defesa Civil, 87 pessoas est\u00e3o desaparecidas. Segundo o Corpo de Bombeiros de Minas Gerais, at\u00e9 o momento, as buscas envolveram 1.850 militares, 31 aeronaves, e 22 [&hellip;]<\/p>\n","protected":false},"author":96,"featured_media":137120,"comment_status":"closed","ping_status":"closed","sticky":false,"template":"","format":"standard","meta":{"footnotes":""},"categories":[436,252,439],"tags":[],"class_list":["post-137119","post","type-post","status-publish","format-standard","has-post-thumbnail","hentry","category-destaque-da-semana","category-regiao","category-ultima-hora"],"_links":{"self":[{"href":"https:\/\/diarioregionaldigital.com.br\/index.php?rest_route=\/wp\/v2\/posts\/137119","targetHints":{"allow":["GET"]}}],"collection":[{"href":"https:\/\/diarioregionaldigital.com.br\/index.php?rest_route=\/wp\/v2\/posts"}],"about":[{"href":"https:\/\/diarioregionaldigital.com.br\/index.php?rest_route=\/wp\/v2\/types\/post"}],"author":[{"embeddable":true,"href":"https:\/\/diarioregionaldigital.com.br\/index.php?rest_route=\/wp\/v2\/users\/96"}],"replies":[{"embeddable":true,"href":"https:\/\/diarioregionaldigital.com.br\/index.php?rest_route=%2Fwp%2Fv2%2Fcomments&post=137119"}],"version-history":[{"count":0,"href":"https:\/\/diarioregionaldigital.com.br\/index.php?rest_route=\/wp\/v2\/posts\/137119\/revisions"}],"wp:featuredmedia":[{"embeddable":true,"href":"https:\/\/diarioregionaldigital.com.br\/index.php?rest_route=\/wp\/v2\/media\/137120"}],"wp:attachment":[{"href":"https:\/\/diarioregionaldigital.com.br\/index.php?rest_route=%2Fwp%2Fv2%2Fmedia&parent=137119"}],"wp:term":[{"taxonomy":"category","embeddable":true,"href":"https:\/\/diarioregionaldigital.com.br\/index.php?rest_route=%2Fwp%2Fv2%2Fcategories&post=137119"},{"taxonomy":"post_tag","embeddable":true,"href":"https:\/\/diarioregionaldigital.com.br\/index.php?rest_route=%2Fwp%2Fv2%2Ftags&post=137119"}],"curies":[{"name":"wp","href":"https:\/\/api.w.org\/{rel}","templated":true}]}}